{"id":13200,"date":"2017-03-28T23:05:03","date_gmt":"2017-03-29T04:05:03","guid":{"rendered":"http:\/\/www.biblia.work\/noticias\/el-papa-recibira-a-una-delegacion-del-colegio-espanol-de-roma-por-sus-125-anos\/"},"modified":"2017-03-28T23:05:03","modified_gmt":"2017-03-29T04:05:03","slug":"el-papa-recibira-a-una-delegacion-del-colegio-espanol-de-roma-por-sus-125-anos","status":"publish","type":"post","link":"https:\/\/www.biblia.work\/noticias\/el-papa-recibira-a-una-delegacion-del-colegio-espanol-de-roma-por-sus-125-anos\/","title":{"rendered":"El Papa recibir\u00e1 a una delegaci\u00f3n del Colegio Espa\u00f1ol de Roma por sus 125 a\u00f1os"},"content":{"rendered":"<p> VATICANO, 28 Mar. 17 (ACI).-<br \/>\n\tEl Papa Francisco recibir&aacute; este s&aacute;bado a una delegaci&oacute;n del Pontificio Colegio Espa&ntilde;ol de Roma por los 125 a&ntilde;os de su fundaci&oacute;n.<\/p>\n<p style=\"text-align: justify\">\n\tEl Santo Padre acoger&aacute; a las 11.30 de la ma&ntilde;ana &ndash;hora de Roma&ndash; en audiencia privada a los obispos patronos del Colegio, al equipo directivo, a los sacerdotes, a los empleados y a un numeroso grupo de antiguos alumnos.<\/p>\n<p style=\"text-align: justify\">\n\tLa efem&eacute;ride de esta instituci&oacute;n insignia de la historia reciente de la Iglesia en Espa&ntilde;a tendr&aacute; una especial repercusi&oacute;n en &aacute;mbitos vaticanos. Desde su fundaci&oacute;n, el 1 de abril de 1892, por el Colegio Espa&ntilde;ol han pasado 3.500 sacerdotes, de los cuales 128 fueron posteriormente nombrados obispos.<\/p>\n<p style=\"text-align: justify\">\n\tEste Colegio cuenta en el presente curso acad&eacute;mico cuenta con 72 alumnos procedentes de 42 di&oacute;cesis diferentes.<\/p>\n<p style=\"text-align: justify\">\n\tEl Pontificio Colegio Espa&ntilde;ol de San Jos&eacute; de Roma, el nombre completo de la instituci&oacute;n, se fund&oacute; por iniciativa del Beato Manuel Domingo y Sol con la pretensi&oacute;n de renovar cient&iacute;fica y disciplinariamente al clero espa&ntilde;ol.<\/p>\n<p style=\"text-align: justify\">\n\tSin haber perdido ese esp&iacute;ritu fundacional, el objetivo del Colegio hoy es &ldquo;procurar un clima espiritual, cient&iacute;fico y material apto para la convivencia de los sacerdotes y seminaristas espa&ntilde;oles que vienen a Roma, designados por sus Obispos, con el fin de realizar estudios superiores eclesi&aacute;sticos y completar su formaci&oacute;n cerca de la Santa Sede&rdquo;, como se indica en su Reglamento.<\/p>\n<p style=\"text-align: justify\">\n\tEl Beato Domingo y Sol fund&oacute; tambi&eacute;n la Hermandad de Sacerdotes Operarios Diocesanos, asociaci&oacute;n cuya misi&oacute;n es la formaci&oacute;n, acompa&ntilde;amiento y sostenimiento de las vocaciones de la Iglesia y que se encarga de la administraci&oacute;n del Pontificio Colegio Espa&ntilde;ol.<\/p>\n<p style=\"text-align: justify\">\n\tAdem&aacute;s del acto central, que ser&aacute; la audiencia privada con el Pont&iacute;fice, el Colegio Espa&ntilde;ol ha organizado varios actos conmemorativos de car&aacute;cter religioso, art&iacute;stico y cultural que se desarrollar&aacute;n a lo largo del presente curso acad&eacute;mico y comienzos del siguiente.<\/p>\n<p style=\"text-align: justify\">\n\tDe los 3.661 colegiales que han pasado por sus instalaciones desde su fundaci&oacute;n hasta el presente, 105 murieron m&aacute;rtires durante la persecuci&oacute;n religiosa desatada en Espa&ntilde;a entre los a&ntilde;os 1936 y 1939; 10 de ellos ya han sido beatificados.<\/p>\n<p style=\"text-align: justify\">\n\tA lo largo de su historia, 3 Papas han visitado el Colegio. El 22 de noviembre de 1922 fue el Papa Juan XXIII y el 22 de junio de 1963 lo visit&oacute; el Papa Pablo VI. San Juan Pablo II visit&oacute; el Colegio Espa&ntilde;ol en dos ocasiones: el 29 de octubre de 1983 y el 28 de marzo de 1992, con motivo del Centenario del Colegio.<\/p>\n<p style=\"text-align: justify\">\n\tEl Pontificio Colegio Espa&ntilde;ol de San Jos&eacute; de Roma tiene fuertes v&iacute;nculos con la Iglesia en Am&eacute;rica Latina. Ejemplo de este fuerte v&iacute;nculo y colaboraci&oacute;n es el convenio entre el episcopado venezolano y el espa&ntilde;ol para que el Colegio Espa&ntilde;ol acoja a sacerdotes de Venezuela que vengan a estudiar a la capital italiana.<\/p>\n<p style=\"text-align: justify\">\n\tCabe recordar que el Colegio Venezolano ces&oacute; su actividad recientemente como consecuencia de la complicada coyuntura econ&oacute;mica de Venezuela.<\/p>\n<p style=\"text-align: justify\">\n\tEn el presente curso 2016-2017, un total de siete sacerdotes venezolanos residen en el Colegio Espa&ntilde;ol.<\/p>\n<p style=\"text-align: justify\">\n\tTambi&eacute;n te puede interesar:&nbsp; &nbsp; &nbsp;<\/p>\n<p style=\"text-align: justify\">\n\t\tPapa Francisco pide a la ONU acabar con las armas nucleares y construir la paz https:\/\/t.co\/g0ArXF3bHo<\/p>\n<p>\t&mdash; ACI Prensa (@aciprensa) 28 de marzo de 2017<\/p>\n","protected":false},"excerpt":{"rendered":"<p>VATICANO, 28 Mar. 17 (ACI).- El Papa Francisco recibir&aacute; este s&aacute;bado a una delegaci&oacute;n del Pontificio Colegio Espa&ntilde;ol de Roma por los 125 a&ntilde;os de su fundaci&oacute;n. El Santo Padre acoger&aacute; a las 11.30 de la ma&ntilde;ana &ndash;hora de Roma&ndash; en audiencia privada a los obispos patronos del Colegio, al equipo directivo, a los sacerdotes, &hellip; <a href=\"https:\/\/www.biblia.work\/noticias\/el-papa-recibira-a-una-delegacion-del-colegio-espanol-de-roma-por-sus-125-anos\/\" class=\"more-link\">Continuar leyendo<span class=\"screen-reader-text\"> \u00abEl Papa recibir\u00e1 a una delegaci\u00f3n del Colegio Espa\u00f1ol de Roma por sus 125 a\u00f1os\u00bb<\/span><\/a><\/p>\n","protected":false},"author":1,"featured_media":0,"comment_status":"open","ping_status":"closed","sticky":false,"template":"","format":"standard","meta":{"footnotes":""},"categories":[1],"tags":[],"class_list":["post-13200","post","type-post","status-publish","format-standard","hentry","category-general"],"_links":{"self":[{"href":"https:\/\/www.biblia.work\/noticias\/wp-json\/wp\/v2\/posts\/13200","targetHints":{"allow":["GET"]}}],"collection":[{"href":"https:\/\/www.biblia.work\/noticias\/wp-json\/wp\/v2\/posts"}],"about":[{"href":"https:\/\/www.biblia.work\/noticias\/wp-json\/wp\/v2\/types\/post"}],"author":[{"embeddable":true,"href":"https:\/\/www.biblia.work\/noticias\/wp-json\/wp\/v2\/users\/1"}],"replies":[{"embeddable":true,"href":"https:\/\/www.biblia.work\/noticias\/wp-json\/wp\/v2\/comments?post=13200"}],"version-history":[{"count":0,"href":"https:\/\/www.biblia.work\/noticias\/wp-json\/wp\/v2\/posts\/13200\/revisions"}],"wp:attachment":[{"href":"https:\/\/www.biblia.work\/noticias\/wp-json\/wp\/v2\/media?parent=13200"}],"wp:term":[{"taxonomy":"category","embeddable":true,"href":"https:\/\/www.biblia.work\/noticias\/wp-json\/wp\/v2\/categories?post=13200"},{"taxonomy":"post_tag","embeddable":true,"href":"https:\/\/www.biblia.work\/noticias\/wp-json\/wp\/v2\/tags?post=13200"}],"curies":[{"name":"wp","href":"https:\/\/api.w.org\/{rel}","templated":true}]}}