{"id":13205,"date":"2017-03-29T04:15:03","date_gmt":"2017-03-29T09:15:03","guid":{"rendered":"http:\/\/www.biblia.work\/noticias\/el-papa-en-la-audiencia-subraya-la-estrecha-relacion-entre-fe-y-esperanza\/"},"modified":"2017-03-29T04:15:03","modified_gmt":"2017-03-29T09:15:03","slug":"el-papa-en-la-audiencia-subraya-la-estrecha-relacion-entre-fe-y-esperanza","status":"publish","type":"post","link":"https:\/\/www.biblia.work\/noticias\/el-papa-en-la-audiencia-subraya-la-estrecha-relacion-entre-fe-y-esperanza\/","title":{"rendered":"El Papa en la audiencia subraya la estrecha relaci\u00f3n entre fe y esperanza"},"content":{"rendered":"<p style=\"text-align: justify\">(ZENIT &#8211; Ciudad del Vaticano, 28 Mar. 2017).- El santo padre Francisco ha realizado este mi\u00e9rcoles en la Plaza de San Pedro una nueva audiencia durante la cual ha profundizado la catequesis sobre el tema de la esperanza.<\/p>\n<p style=\"text-align: justify\">A su ingreso en la Plaza de San Pedro en el veh\u00edculo abierto, el Papa pas\u00f3 entre los pasillos saludando a los peregrinos y fieles all\u00ed presentes, deteni\u00e9ndose para bendecir en particular a ni\u00f1os y ancianos.<\/p>\n<p style=\"text-align: justify\">En sus palabras en espa\u00f1ol, el Pont\u00edfice hizo en espa\u00f1ol un resumen de la catequesis, indicando que\u00a0&#8220;hoy hemos visto la estrecha relaci\u00f3n que hay entre la fe y la esperanza&#8221;.<\/p>\n<p style=\"text-align: justify\">&#8220;En la carta a los Romanos, san Pablo nos dice que Abraham, \u00abapoyado en la esperanza, crey\u00f3 contra toda esperanza\u00bb. El patriarca, a pesar de sus muchos a\u00f1os y la esterilidad de su mujer Sara, sigui\u00f3 creyendo en la promesa que Dios le hab\u00eda hecho de darle una gran descendencia&#8221;.<\/p>\n<p style=\"text-align: justify\">O sea que ante &#8220;la evidencia de una realidad contraria a toda esperanza humana, \u00e9l se f\u00eda de Dios con la certeza de que el Se\u00f1or cumplir\u00e1 sus promesas&#8221;.<\/p>\n<p style=\"text-align: justify\">&#8220;Tambi\u00e9n nosotros &#8211;subray\u00f3 el Papa&#8211; estamos llamados a vivir una esperanza como la de Abraham, que no se apoya en razonamientos, previsiones o c\u00e1lculos humanos, sino que hunde sus ra\u00edces en la fe en la Palabra de Dios. As\u00ed nuestra vida se iluminar\u00e1 con la certeza de saber que Aqu\u00e9l que ha resucitado a su Hijo de la muerte nos resucitar\u00e1 tambi\u00e9n a nosotros y nos har\u00e1 ser una sola cosa con \u00c9l, junto a todos nuestros hermanos en la fe&#8221;.<\/p>\n<p style=\"text-align: justify\">El Papa concluy\u00f3 saludando a los peregrinos de lengua espa\u00f1ola: &#8220;Pidamos a la Virgen Mar\u00eda que en este tiempo de cuaresma nos ayude a intensificar nuestra preparaci\u00f3n espiritual para que la celebraci\u00f3n del misterio pascual de Cristo renueve nuestra fe y esperanza. Que el Se\u00f1or los bendiga&#8221;.<\/p>\n<p><span class=\"et_bloom_bottom_trigger\"><\/span><\/p>\n<p><a href=\"https:\/\/es.zenit.org\/\" target=\"_blank\" rel=\"nofollow\">Fuente: es.zenit.org<\/a><\/p>\n","protected":false},"excerpt":{"rendered":"<p>(ZENIT &#8211; Ciudad del Vaticano, 28 Mar. 2017).- El santo padre Francisco ha realizado este mi\u00e9rcoles en la Plaza de San Pedro una nueva audiencia durante la cual ha profundizado la catequesis sobre el tema de la esperanza. A su ingreso en la Plaza de San Pedro en el veh\u00edculo abierto, el Papa pas\u00f3 entre &hellip; <a href=\"https:\/\/www.biblia.work\/noticias\/el-papa-en-la-audiencia-subraya-la-estrecha-relacion-entre-fe-y-esperanza\/\" class=\"more-link\">Continuar leyendo<span class=\"screen-reader-text\"> \u00abEl Papa en la audiencia subraya la estrecha relaci\u00f3n entre fe y esperanza\u00bb<\/span><\/a><\/p>\n","protected":false},"author":1,"featured_media":0,"comment_status":"open","ping_status":"closed","sticky":false,"template":"","format":"standard","meta":{"footnotes":""},"categories":[1],"tags":[],"class_list":["post-13205","post","type-post","status-publish","format-standard","hentry","category-general"],"_links":{"self":[{"href":"https:\/\/www.biblia.work\/noticias\/wp-json\/wp\/v2\/posts\/13205","targetHints":{"allow":["GET"]}}],"collection":[{"href":"https:\/\/www.biblia.work\/noticias\/wp-json\/wp\/v2\/posts"}],"about":[{"href":"https:\/\/www.biblia.work\/noticias\/wp-json\/wp\/v2\/types\/post"}],"author":[{"embeddable":true,"href":"https:\/\/www.biblia.work\/noticias\/wp-json\/wp\/v2\/users\/1"}],"replies":[{"embeddable":true,"href":"https:\/\/www.biblia.work\/noticias\/wp-json\/wp\/v2\/comments?post=13205"}],"version-history":[{"count":0,"href":"https:\/\/www.biblia.work\/noticias\/wp-json\/wp\/v2\/posts\/13205\/revisions"}],"wp:attachment":[{"href":"https:\/\/www.biblia.work\/noticias\/wp-json\/wp\/v2\/media?parent=13205"}],"wp:term":[{"taxonomy":"category","embeddable":true,"href":"https:\/\/www.biblia.work\/noticias\/wp-json\/wp\/v2\/categories?post=13205"},{"taxonomy":"post_tag","embeddable":true,"href":"https:\/\/www.biblia.work\/noticias\/wp-json\/wp\/v2\/tags?post=13205"}],"curies":[{"name":"wp","href":"https:\/\/api.w.org\/{rel}","templated":true}]}}