{"id":13206,"date":"2017-03-29T04:40:05","date_gmt":"2017-03-29T09:40:05","guid":{"rendered":"http:\/\/www.biblia.work\/noticias\/catequesis-del-papa-la-esperanza-hunde-sus-raices-en-la-fe-y-por-esto-es-capaz-de-ir-mas-alla-de-toda-esperanza\/"},"modified":"2017-03-29T04:40:05","modified_gmt":"2017-03-29T09:40:05","slug":"catequesis-del-papa-la-esperanza-hunde-sus-raices-en-la-fe-y-por-esto-es-capaz-de-ir-mas-alla-de-toda-esperanza","status":"publish","type":"post","link":"https:\/\/www.biblia.work\/noticias\/catequesis-del-papa-la-esperanza-hunde-sus-raices-en-la-fe-y-por-esto-es-capaz-de-ir-mas-alla-de-toda-esperanza\/","title":{"rendered":"Catequesis del Papa: \u201cLa esperanza hunde sus ra\u00edces en la fe, y por esto es capaz de ir m\u00e1s all\u00e1 de toda esperanza\u201d"},"content":{"rendered":"<p> <img src='http:\/\/media02.radiovaticana.va\/photo\/2017\/03\/29\/AP3918545_Thumbnail.jpg' alt='' align='left' hspace='5'> <\/p>\n<p><span><br \/>\n<audio class=\"video-js vjs-default-skin vjs-big-play-button-centered rv-custom-audio\" controls=\"\" id=\"audioItem_10022489\" preload=\"none\"><\/audio><br \/>\n<span class=\"rv-audio-download\"><a href=\"http:\/\/media02.radiovaticana.va\/audio\/audio2\/mp3\/00575611.mp3\" title=\"Download audio\"><img decoding=\"async\" src=\"http:\/\/es.radiovaticana.va\/Modules\/Presentation\/Styles\/images-common\/icons\/download-audio-mp3_off.png\" style=\"height: 30px\" \/><\/a><\/span> <\/span><\/p>\n<p>(RV).- &ldquo;Al expresar profundo dolor por las v&iacute;ctimas del sangriento conflicto, renuevo a todos la llamada a colaborar con todas las fuerzas en la protecci&oacute;n de los civiles, como requisito imperativo y urgente&rdquo;. Durante los saludos a los fieles en la audiencia general del mi&eacute;rcoles 29 de marzo, el Papa Francisco elev&oacute; su voz con un apremiante llamamiento por los hermanos y hermanos de Irak, quienes se encuentran en situaci&oacute;n de conflicto.<\/p>\n<p>Tras saludar a la delegaci&oacute;n iraqu&iacute; participante en la reuni&oacute;n del Comit&eacute; permanente para el di&aacute;logo entre el Pontificio Consejo para el Di&aacute;logo Interreligioso y las Superintendencias iraqu&iacute;es, compuesta por representantes de diversos grupos religiosos, quienes, acompa&ntilde;ados el cardenal Tauran, Presidente de dicho dicasterio, fueran recibidos esta ma&ntilde;ana por el Papa en el Aula Pablo VI, el pont&iacute;fice aludi&oacute; a la riqueza de Irak, la cual, dijo&nbsp;&ldquo;se encuentra precisamente en este mosaico que representa la unidad en la diversidad, la fuerza en la uni&oacute;n, la prosperidad en la armon&iacute;a&rdquo;.<\/p>\n<p>El pont&iacute;fice los anim&oacute; a seguir adelante en ese camino invit&aacute;ndolos a rezar para que Irak &ldquo;encuentre en la reconciliaci&oacute;n y en la armon&iacute;a entre sus distintos componentes &eacute;tnicos y religiosos, la paz, la unidad y la prosperidad&rdquo;.<\/p>\n<p>&ldquo;Mi pensamiento &ndash; a&ntilde;adi&oacute; &#8211; va a las poblaciones civiles atrapadas en los barrios occidentales de Mosul y a los desplazados por la guerra, a quienes me siento unido en el sufrimiento, a trav&eacute;s de la oraci&oacute;n y de la cercan&iacute;a espiritual. Al expresar profundo dolor por las v&iacute;ctimas del sangriento conflicto, renuevo a todos la llamada a colaborar con todas las fuerzas en la protecci&oacute;n de los civiles, como requisito imperativo y urgente&rdquo;.<\/p>\n<p>(Griselda Mutual &ndash; Radio Vaticano)<\/p>\n<p><a href=\"http:\/\/es.radiovaticana.va\" target=\"_blank\" rel=\"nofollow\">Fuente: es.radiovaticana.va<\/a><\/p>\n","protected":false},"excerpt":{"rendered":"<p>(RV).- &ldquo;Al expresar profundo dolor por las v&iacute;ctimas del sangriento conflicto, renuevo a todos la llamada a colaborar con todas las fuerzas en la protecci&oacute;n de los civiles, como requisito imperativo y urgente&rdquo;. Durante los saludos a los fieles en la audiencia general del mi&eacute;rcoles 29 de marzo, el Papa Francisco elev&oacute; su voz con &hellip; <a href=\"https:\/\/www.biblia.work\/noticias\/catequesis-del-papa-la-esperanza-hunde-sus-raices-en-la-fe-y-por-esto-es-capaz-de-ir-mas-alla-de-toda-esperanza\/\" class=\"more-link\">Continuar leyendo<span class=\"screen-reader-text\"> \u00abCatequesis del Papa: \u201cLa esperanza hunde sus ra\u00edces en la fe, y por esto es capaz de ir m\u00e1s all\u00e1 de toda esperanza\u201d\u00bb<\/span><\/a><\/p>\n","protected":false},"author":1,"featured_media":0,"comment_status":"open","ping_status":"closed","sticky":false,"template":"","format":"standard","meta":{"footnotes":""},"categories":[1],"tags":[],"class_list":["post-13206","post","type-post","status-publish","format-standard","hentry","category-general"],"_links":{"self":[{"href":"https:\/\/www.biblia.work\/noticias\/wp-json\/wp\/v2\/posts\/13206","targetHints":{"allow":["GET"]}}],"collection":[{"href":"https:\/\/www.biblia.work\/noticias\/wp-json\/wp\/v2\/posts"}],"about":[{"href":"https:\/\/www.biblia.work\/noticias\/wp-json\/wp\/v2\/types\/post"}],"author":[{"embeddable":true,"href":"https:\/\/www.biblia.work\/noticias\/wp-json\/wp\/v2\/users\/1"}],"replies":[{"embeddable":true,"href":"https:\/\/www.biblia.work\/noticias\/wp-json\/wp\/v2\/comments?post=13206"}],"version-history":[{"count":0,"href":"https:\/\/www.biblia.work\/noticias\/wp-json\/wp\/v2\/posts\/13206\/revisions"}],"wp:attachment":[{"href":"https:\/\/www.biblia.work\/noticias\/wp-json\/wp\/v2\/media?parent=13206"}],"wp:term":[{"taxonomy":"category","embeddable":true,"href":"https:\/\/www.biblia.work\/noticias\/wp-json\/wp\/v2\/categories?post=13206"},{"taxonomy":"post_tag","embeddable":true,"href":"https:\/\/www.biblia.work\/noticias\/wp-json\/wp\/v2\/tags?post=13206"}],"curies":[{"name":"wp","href":"https:\/\/api.w.org\/{rel}","templated":true}]}}