{"id":13209,"date":"2017-03-29T05:15:02","date_gmt":"2017-03-29T10:15:02","guid":{"rendered":"http:\/\/www.biblia.work\/noticias\/la-embajadora-de-costa-rica-en-roma-el-mensaje-del-papa-contra-la-pobreza-repercute-en-america-latina\/"},"modified":"2017-03-29T05:15:02","modified_gmt":"2017-03-29T10:15:02","slug":"la-embajadora-de-costa-rica-en-roma-el-mensaje-del-papa-contra-la-pobreza-repercute-en-america-latina","status":"publish","type":"post","link":"https:\/\/www.biblia.work\/noticias\/la-embajadora-de-costa-rica-en-roma-el-mensaje-del-papa-contra-la-pobreza-repercute-en-america-latina\/","title":{"rendered":"La embajadora de Costa Rica en Roma: el mensaje del Papa contra la pobreza repercute en Am\u00e9rica latina"},"content":{"rendered":"<p style=\"text-align: justify\">(ZENIT \u2013 29 Mar. 2017).- Se ha registrado una disminuci\u00f3n de la pobreza en Am\u00e9rica Latina al\u00a025 por ciento, algo que antes nunca se hab\u00eda visto. Si bien sigue siendo el continente con mayor\u00a0desigualdad econ\u00f3mica de la tierra.<\/p>\n<p style=\"text-align: justify\">Lo indic\u00f3 la embajadora de la Rep\u00fablica del Costa Rica en Italia, Cristina Eguiz\u00e1bal Mendoza, quien lo hizo a t\u00edtulo personal, en un desayuno de trabajo con periodistas y diplom\u00e1ticos, que se realiz\u00f3 este mi\u00e9rcoles 29 de marzo en el hotel NH Giustiniani, y que llev\u00f3\u00a0el t\u00edtulo: \u201cAm\u00e9rica Latina: ventajas, debilidades y retos, tras una d\u00e9cada de prosperidad\u201d.<\/p>\n<p style=\"text-align: justify\">Interrogada por ZENIT despu\u00e9s del evento, sobre la repercusi\u00f3n que puedan tener las palabras del pont\u00edfice latinoamericano, Francisco, la embajadora ante Italia consider\u00f3 que \u201cS\u00ed, tiene eco desde dos puntos de vista: entre las elites porque Am\u00e9rica Latina es un continente cat\u00f3lico aunque hayan tambi\u00e9n otras religiones. Y porque hay una toma de conciencia en las clases m\u00e1s pobres de sus derechos, de su dignidad humana y si no se lo dan lo exigen de alguna manera\u201d.<\/p>\n<p style=\"text-align: justify\">As\u00ed, asegur\u00f3 \u201cel mensaje del Papa entra por el lado la generosidad de unos o por la reivindicaci\u00f3n de derechos. Adem\u00e1s de su importante labor en favor de los derechos humanos\u201d.<\/p>\n<p style=\"text-align: justify\">Consider\u00f3 importante tambi\u00e9n \u201cla decisi\u00f3n de las Naciones Unidas en establecer entre los objetivos del milenio la disminuci\u00f3n de la pobreza, lo que fue un gran incentivo para nuestros gobiernos y para la comunidad internacional que inici\u00f3 a buscar metodolog\u00edas eficaces\u201d. Y en particular se\u00f1al\u00f3 que ayudaron al \u00e9xito \u201clas transferencias bancarias y el \u00e9nfasis de la mujer\u201d, porque \u201clas mujeres han tenido un rol multiplicador en la lucha contra la pobreza\u201d.<\/p>\n<p style=\"text-align: justify\">En el desayuno de trabajo la embajadora Eguiz\u00e1bal Mendoza se interrog\u00f3: \u00bfDespu\u00e9s de una d\u00e9cada de prosperidad el vaso est\u00e1 medio lleno o medio vac\u00edo? Y\u00a0consider\u00f3 que \u201clas vacas gordas han tardado en llegar, pero est\u00e1n llegando\u201d.<\/p>\n<p style=\"text-align: justify\">Se\u00f1al\u00f3 que todas las econom\u00edas de M\u00e9xico a la Patagonia han exportado mucho materias primas, produciendo el boom de inicio del siglo XXI, aunque no todos se beneficiaron de igual manera.<\/p>\n<p style=\"text-align: justify\">Se plantea ahora con el gobierno del presidente Donald Trump, una realidad en la que los mexicanos est\u00e1n buscando nuevos mercados, aunque no se sabe hasta que punto las medidas de Washington ser\u00e1n ret\u00f3rica o realidad, dijo.<\/p>\n<p style=\"text-align: justify\">Se\u00f1al\u00f3 tambi\u00e9n que en America latina, hay dos agros, el industrial que exporta y llega a China, y el agro de los campesinos, de sigue siendo de subsistencia.<\/p>\n<p style=\"text-align: justify\">Consider\u00f3 que en la lucha a la pobreza han sido de gran importancia los programas de transferencias monetarias, los que ha calificado como exitosos. A\u00f1adi\u00f3 que en la regi\u00f3n las remesas se han destacado como fuente de ingresos, en algunos pa\u00edses como Hait\u00ed llegando hasta el 20 por ciento del Pbi.<\/p>\n<p style=\"text-align: justify\">La embajadora concluy\u00f3 ilustrando que en su pa\u00eds, Costa Rica se sigue la receta de diversificar exportaciones respecto las d\u00e9cadas pasadas, porque adem\u00e1s los productos tradicionales hoy exporta frutas, verduras y flores, dem\u00e1s de la importancia que est\u00e1 teniendo el turismo ecol\u00f3gico.<\/p>\n<p style=\"text-align: justify\">Costa Rica ha pasado as\u00ed a depender de los ingresos del Pbi, provenientes del 67 por ciento de materias primas de los a\u00f1os 86, al 14 por ciento de hoy, habiendo aumentado en cambio el Pbi\u00a0gracias a los dem\u00e1s sectores, incluso los servicios, desde los inform\u00e1ticos, a los aeron\u00e1uticos, o la producci\u00f3n de instrumentos de precisi\u00f3n, industria y aeroespacial, con una tasas de crecimiento anual de su econom\u00eda que se mantiene entorno al\u00a04,5 por ciento.<\/p>\n<p><span class=\"et_bloom_bottom_trigger\"><\/span><\/p>\n<p><a href=\"https:\/\/es.zenit.org\/\" target=\"_blank\" rel=\"nofollow\">Fuente: es.zenit.org<\/a><\/p>\n","protected":false},"excerpt":{"rendered":"<p>(ZENIT \u2013 29 Mar. 2017).- Se ha registrado una disminuci\u00f3n de la pobreza en Am\u00e9rica Latina al\u00a025 por ciento, algo que antes nunca se hab\u00eda visto. Si bien sigue siendo el continente con mayor\u00a0desigualdad econ\u00f3mica de la tierra. Lo indic\u00f3 la embajadora de la Rep\u00fablica del Costa Rica en Italia, Cristina Eguiz\u00e1bal Mendoza, quien lo &hellip; <a href=\"https:\/\/www.biblia.work\/noticias\/la-embajadora-de-costa-rica-en-roma-el-mensaje-del-papa-contra-la-pobreza-repercute-en-america-latina\/\" class=\"more-link\">Continuar leyendo<span class=\"screen-reader-text\"> \u00abLa embajadora de Costa Rica en Roma: el mensaje del Papa contra la pobreza repercute en Am\u00e9rica latina\u00bb<\/span><\/a><\/p>\n","protected":false},"author":1,"featured_media":0,"comment_status":"open","ping_status":"closed","sticky":false,"template":"","format":"standard","meta":{"footnotes":""},"categories":[1],"tags":[],"class_list":["post-13209","post","type-post","status-publish","format-standard","hentry","category-general"],"_links":{"self":[{"href":"https:\/\/www.biblia.work\/noticias\/wp-json\/wp\/v2\/posts\/13209","targetHints":{"allow":["GET"]}}],"collection":[{"href":"https:\/\/www.biblia.work\/noticias\/wp-json\/wp\/v2\/posts"}],"about":[{"href":"https:\/\/www.biblia.work\/noticias\/wp-json\/wp\/v2\/types\/post"}],"author":[{"embeddable":true,"href":"https:\/\/www.biblia.work\/noticias\/wp-json\/wp\/v2\/users\/1"}],"replies":[{"embeddable":true,"href":"https:\/\/www.biblia.work\/noticias\/wp-json\/wp\/v2\/comments?post=13209"}],"version-history":[{"count":0,"href":"https:\/\/www.biblia.work\/noticias\/wp-json\/wp\/v2\/posts\/13209\/revisions"}],"wp:attachment":[{"href":"https:\/\/www.biblia.work\/noticias\/wp-json\/wp\/v2\/media?parent=13209"}],"wp:term":[{"taxonomy":"category","embeddable":true,"href":"https:\/\/www.biblia.work\/noticias\/wp-json\/wp\/v2\/categories?post=13209"},{"taxonomy":"post_tag","embeddable":true,"href":"https:\/\/www.biblia.work\/noticias\/wp-json\/wp\/v2\/tags?post=13209"}],"curies":[{"name":"wp","href":"https:\/\/api.w.org\/{rel}","templated":true}]}}