{"id":13215,"date":"2017-03-29T09:15:02","date_gmt":"2017-03-29T14:15:02","guid":{"rendered":"http:\/\/www.biblia.work\/noticias\/francisco-en-la-audiencia-la-proteccion-de-los-civiles-en-irak-es-un-deber-urgente\/"},"modified":"2017-03-29T09:15:02","modified_gmt":"2017-03-29T14:15:02","slug":"francisco-en-la-audiencia-la-proteccion-de-los-civiles-en-irak-es-un-deber-urgente","status":"publish","type":"post","link":"https:\/\/www.biblia.work\/noticias\/francisco-en-la-audiencia-la-proteccion-de-los-civiles-en-irak-es-un-deber-urgente\/","title":{"rendered":"Francisco en la audiencia: La protecci\u00f3n de los civiles en Irak es un deber urgente"},"content":{"rendered":"<p style=\"text-align: justify\">(ZENIT &#8211; Ciudad del Vaticano).- La protecci\u00f3n de los civiles en Irak es un \u201cdeber imperativo y urgente\u201d. Este es el llamado del papa Francisco en la audiencia del 29 de marzo, el d\u00eda despu\u00e9s de la masacre de civiles en la ciudad de Mosul debido a\u00a0los bombardeos, y en presencia en la Plaza de San Pedro, de una delegaci\u00f3n iraqu\u00ed interreligosa.<\/p>\n<p style=\"text-align: justify\">\u201cTengo la alegr\u00eda de saludar a la delegaci\u00f3n de responsables iraqu\u00edes compuesta por representantes de diversos grupos religiosos, acompa\u00f1ados por el cardenal Tauran, presidente del Consejo pontificio para el di\u00e1logo interreligioso\u201d, dijo el papa Francisco en italiano al t\u00e9rmino de la audiencia.<\/p>\n<p style=\"text-align: justify\">Y realiz\u00f3 un llamado en favor de la poblaci\u00f3n civil acorralada en Mosul, entre el frente de los terroristas y el de la armada iraqu\u00ed.<\/p>\n<p style=\"text-align: justify\">\u201cMi pensamiento va a la poblaci\u00f3n civil atrapadas en los barrios occidentales de Mosul y a los desplazados por causa de la guerra, a los quales me siento unido en el sufrimiento, a trav\u00e9s de la oraci\u00f3n y la proximidad espiritual. Expreso un profundo dolor por las v\u00edctimas del sangriento conflicto y renuevo a todos el llamado a empe\u00f1ar a sus fuerzas en la protecci\u00f3n de los civiles, un deber imperativo y urgente\u201d.<\/p>\n<p style=\"text-align: justify\">El Papa ha pedido un futuro de reconciliaci\u00f3n en Irak: \u201cLa riqueza de la querida naci\u00f3n iraqu\u00ed tiene en este mosaico que representa la unidad en la diversidad, la fuerza en la uni\u00f3n, la prosperidad en la harmon\u00eda.<\/p>\n<p style=\"text-align: justify\">Queridos hermanos, les animo a proseguir vuestro camino y los invito a rezar para que Irak encuentre en la reconciliaci\u00f3n y en la armon\u00eda entre sus diversos componentes \u00e9tnicos y religiosos, la paz, la unidad y la responsabilidad.<\/p>\n<p style=\"text-align: justify\">Desde el Vaticano, la agencia Fides, se ha hecho eco de esta situaci\u00f3n: \u201cLas masacres de civiles inocentes que est\u00e1n marcando las operaciones militares en curso para liberar Mosul de la ocupaci\u00f3n de los yihadistas del Estado Isl\u00e1mico (Daesh) han causado \u201cprofundo dolor y consternaci\u00f3n\u201d entre la Iglesia caldea\u201d.<\/p>\n<p style=\"text-align: justify\">Y precisa que en \u201cun comunicado difundido por los canales oficiales del Patriarcado caldeo, se hace menci\u00f3n de al menos 500 v\u00edctimas inocentes ca\u00eddas en los \u00faltimos d\u00edas a causa de los combates, y se recuerda a todas las fuerzas militares que participan en la ofensiva por la liberaci\u00f3n de Mosul que al menos respeten las normas y procedimientos reconocidos internacionalmente para reducir al m\u00ednimo la p\u00e9rdida de vidas humanas en los conflictos\u201d.<\/p>\n<p style=\"text-align: justify\">El mensaje, firmado por el patriarca caldeo Louis Raphael I Sako, termina invocando a Dios Todopoderoso para que \u201ccustodie Iraq y acelerar el retorno de la seguridad, la paz y la estabilidad\u201d.<\/p>\n<p style=\"text-align: justify\">Este domingo 26 de marzo, el Ej\u00e9rcito de Estados Unidos reconoci\u00f3 su responsabilidad en el ataque a\u00e9reo contra Mosul que el pasado 17 de marzo, en lugar de golpear posiciones yihadistas, caus\u00f3 la muerte de 150 civiles inocentes y de activistas de los derechos humanos, incluidas mujeres y ni\u00f1os\u201d.<\/p>\n<p><span class=\"et_bloom_bottom_trigger\"><\/span><\/p>\n<p><a href=\"https:\/\/es.zenit.org\/\" target=\"_blank\" rel=\"nofollow\">Fuente: es.zenit.org<\/a><\/p>\n","protected":false},"excerpt":{"rendered":"<p>(ZENIT &#8211; Ciudad del Vaticano).- La protecci\u00f3n de los civiles en Irak es un \u201cdeber imperativo y urgente\u201d. Este es el llamado del papa Francisco en la audiencia del 29 de marzo, el d\u00eda despu\u00e9s de la masacre de civiles en la ciudad de Mosul debido a\u00a0los bombardeos, y en presencia en la Plaza de &hellip; <a href=\"https:\/\/www.biblia.work\/noticias\/francisco-en-la-audiencia-la-proteccion-de-los-civiles-en-irak-es-un-deber-urgente\/\" class=\"more-link\">Continuar leyendo<span class=\"screen-reader-text\"> \u00abFrancisco en la audiencia: La protecci\u00f3n de los civiles en Irak es un deber urgente\u00bb<\/span><\/a><\/p>\n","protected":false},"author":1,"featured_media":0,"comment_status":"open","ping_status":"closed","sticky":false,"template":"","format":"standard","meta":{"footnotes":""},"categories":[1],"tags":[],"class_list":["post-13215","post","type-post","status-publish","format-standard","hentry","category-general"],"_links":{"self":[{"href":"https:\/\/www.biblia.work\/noticias\/wp-json\/wp\/v2\/posts\/13215","targetHints":{"allow":["GET"]}}],"collection":[{"href":"https:\/\/www.biblia.work\/noticias\/wp-json\/wp\/v2\/posts"}],"about":[{"href":"https:\/\/www.biblia.work\/noticias\/wp-json\/wp\/v2\/types\/post"}],"author":[{"embeddable":true,"href":"https:\/\/www.biblia.work\/noticias\/wp-json\/wp\/v2\/users\/1"}],"replies":[{"embeddable":true,"href":"https:\/\/www.biblia.work\/noticias\/wp-json\/wp\/v2\/comments?post=13215"}],"version-history":[{"count":0,"href":"https:\/\/www.biblia.work\/noticias\/wp-json\/wp\/v2\/posts\/13215\/revisions"}],"wp:attachment":[{"href":"https:\/\/www.biblia.work\/noticias\/wp-json\/wp\/v2\/media?parent=13215"}],"wp:term":[{"taxonomy":"category","embeddable":true,"href":"https:\/\/www.biblia.work\/noticias\/wp-json\/wp\/v2\/categories?post=13215"},{"taxonomy":"post_tag","embeddable":true,"href":"https:\/\/www.biblia.work\/noticias\/wp-json\/wp\/v2\/tags?post=13215"}],"curies":[{"name":"wp","href":"https:\/\/api.w.org\/{rel}","templated":true}]}}