{"id":13218,"date":"2017-03-29T10:15:03","date_gmt":"2017-03-29T15:15:03","guid":{"rendered":"http:\/\/www.biblia.work\/noticias\/dialogo-interreligioso-todos-diferentes-e-iguales-como-los-dedos-de-una-mano\/"},"modified":"2017-03-29T10:15:03","modified_gmt":"2017-03-29T15:15:03","slug":"dialogo-interreligioso-todos-diferentes-e-iguales-como-los-dedos-de-una-mano","status":"publish","type":"post","link":"https:\/\/www.biblia.work\/noticias\/dialogo-interreligioso-todos-diferentes-e-iguales-como-los-dedos-de-una-mano\/","title":{"rendered":"Di\u00e1logo interreligioso: \u2018Todos diferentes e iguales, como los dedos de una mano\u2019"},"content":{"rendered":"<p style=\"text-align: justify\">&nbsp;<\/p>\n<p style=\"text-align: justify\">(ZENIT \u2013 Ciudad del Vaticano \u2013 29 Mar. 2017).- \u201cNosotros somos hermanos y por lo tanto todos diferentes y todos iguales, como los dedos de una mano\u201d indic\u00f3 el papa Francisco a los participantes de la segunda reuni\u00f3n organizada por el Consejo pontificio para el di\u00e1logo interreligioso, con tres superintendencias de Irak, para los chi\u00edtas, sunitas, cristianos, yazid\u00edes, y\u00a0sabes\/madness, este mi\u00e9rcoles 29 de marzo antes de la audiencia general.<\/p>\n<p style=\"text-align: justify\">Eran unos cuarenta representantes religiosos iraqu\u00edes, miembros de la superintendencia del ministerio Culto, en el sal\u00f3ncito del Aula Pablo VI, antes de la audiencia general de este mi\u00e9rcoles.<\/p>\n<p style=\"text-align: justify\">\u201cTodos nosotros somos hijos de Dios\u201d les dijo el Papa, y se\u00f1al\u00f3 que \u201cel di\u00e1logo entre ustedes, as\u00ed como vuestra visita es una verdadera riqueza de hermandad y por esto es un camino hacia la paz de todos. La paz del coraz\u00f3n, la paz de las familias, la paz de los pa\u00edses, la paz del mundo. Pido a Dios omnipotente que les bendiga a todos ustedes y les pido por favor que no se olviden de rezar por mi\u201d.<\/p>\n<p style=\"text-align: justify\">En el encuentro el Papa recibi\u00f3 como regalo una copia del Cor\u00e1n y un vestido tradicional musulm\u00e1n, indic\u00f3 el diario L&#8217;Osservatore Romano. Salud\u00f3 adem\u00e1s una a una a las diversas delegaciones y escuch\u00f3 los testimonios que narraban las violencias y situaciones dram\u00e1ticas que sufrieron los iraqu\u00edes.<\/p>\n<p style=\"text-align: justify\">En la audiencia general, en la que tambi\u00e9n participaron los representantes, el Papa hizo un nuevo llamamiento pidiendo por la protecci\u00f3n de los civiles en el pa\u00eds.<\/p>\n<p><span class=\"et_bloom_bottom_trigger\"><\/span><\/p>\n<p><a href=\"https:\/\/es.zenit.org\/\" target=\"_blank\" rel=\"nofollow\">Fuente: es.zenit.org<\/a><\/p>\n","protected":false},"excerpt":{"rendered":"<p>&nbsp; (ZENIT \u2013 Ciudad del Vaticano \u2013 29 Mar. 2017).- \u201cNosotros somos hermanos y por lo tanto todos diferentes y todos iguales, como los dedos de una mano\u201d indic\u00f3 el papa Francisco a los participantes de la segunda reuni\u00f3n organizada por el Consejo pontificio para el di\u00e1logo interreligioso, con tres superintendencias de Irak, para los &hellip; <a href=\"https:\/\/www.biblia.work\/noticias\/dialogo-interreligioso-todos-diferentes-e-iguales-como-los-dedos-de-una-mano\/\" class=\"more-link\">Continuar leyendo<span class=\"screen-reader-text\"> \u00abDi\u00e1logo interreligioso: \u2018Todos diferentes e iguales, como los dedos de una mano\u2019\u00bb<\/span><\/a><\/p>\n","protected":false},"author":1,"featured_media":0,"comment_status":"open","ping_status":"closed","sticky":false,"template":"","format":"standard","meta":{"footnotes":""},"categories":[1],"tags":[],"class_list":["post-13218","post","type-post","status-publish","format-standard","hentry","category-general"],"_links":{"self":[{"href":"https:\/\/www.biblia.work\/noticias\/wp-json\/wp\/v2\/posts\/13218","targetHints":{"allow":["GET"]}}],"collection":[{"href":"https:\/\/www.biblia.work\/noticias\/wp-json\/wp\/v2\/posts"}],"about":[{"href":"https:\/\/www.biblia.work\/noticias\/wp-json\/wp\/v2\/types\/post"}],"author":[{"embeddable":true,"href":"https:\/\/www.biblia.work\/noticias\/wp-json\/wp\/v2\/users\/1"}],"replies":[{"embeddable":true,"href":"https:\/\/www.biblia.work\/noticias\/wp-json\/wp\/v2\/comments?post=13218"}],"version-history":[{"count":0,"href":"https:\/\/www.biblia.work\/noticias\/wp-json\/wp\/v2\/posts\/13218\/revisions"}],"wp:attachment":[{"href":"https:\/\/www.biblia.work\/noticias\/wp-json\/wp\/v2\/media?parent=13218"}],"wp:term":[{"taxonomy":"category","embeddable":true,"href":"https:\/\/www.biblia.work\/noticias\/wp-json\/wp\/v2\/categories?post=13218"},{"taxonomy":"post_tag","embeddable":true,"href":"https:\/\/www.biblia.work\/noticias\/wp-json\/wp\/v2\/tags?post=13218"}],"curies":[{"name":"wp","href":"https:\/\/api.w.org\/{rel}","templated":true}]}}