{"id":13219,"date":"2017-03-29T10:15:04","date_gmt":"2017-03-29T15:15:04","guid":{"rendered":"http:\/\/www.biblia.work\/noticias\/audiencia-el-papa-a-los-peregrinos-de-idioma-arabe-vivir-sostenidos-por-la-fe\/"},"modified":"2017-03-29T10:15:04","modified_gmt":"2017-03-29T15:15:04","slug":"audiencia-el-papa-a-los-peregrinos-de-idioma-arabe-vivir-sostenidos-por-la-fe","status":"publish","type":"post","link":"https:\/\/www.biblia.work\/noticias\/audiencia-el-papa-a-los-peregrinos-de-idioma-arabe-vivir-sostenidos-por-la-fe\/","title":{"rendered":"Audiencia \u2013 el Papa a los peregrinos de idioma \u00e1rabe: \u2018Vivir sostenidos por la fe\u2019"},"content":{"rendered":"<p style=\"text-align: justify\">(ZENIT \u2013 Ciudad del Vaticano \u2013 29 Mar. 2017).- El papa Francisco ha saludado al concluir la audiencia general de este mi\u00e9rcoles a los peregrinos de idioma \u00e1rabe presentes en la Plaza de San Pedro, en particular los que viene de Irak. Y les anim\u00f3 a \u201cvivir sostenidos por la fe\u201d, palabras traducidas inmediatamente al \u00e1rabe por un colaborador suyo.<\/p>\n<p style=\"text-align: justify\">\u201cQueridos hermanos y hermanas &#8211;les dijo el Papa despu\u00e9s de la catequesis sobre la esperanza de Abraham&#8211; por la fe Mar\u00eda recibi\u00f3 las palabras del \u00e1ngel y crey\u00f3 al anuncio de que ella ser\u00eda la Madre de Dios. Y ella a acogido en ella misma lo que no entend\u00eda del actuar de Dios, abri\u00e9ndole su esp\u00edritu y su coraz\u00f3n\u201d.<\/p>\n<p style=\"text-align: justify\">\u201cComo Ella &#8211;prosigui\u00f3 el Pont\u00edfice&#8211; nosotros estamos llamados a vivir apoyados por la fe, y a mirar con esperanza que se cumpla la voluntad de Dios en nuestras vidas. \u00a1Que el Se\u00f1or les bendiga!\u201d.<\/p>\n<p><span class=\"et_bloom_bottom_trigger\"><\/span><\/p>\n<p><a href=\"https:\/\/es.zenit.org\/\" target=\"_blank\" rel=\"nofollow\">Fuente: es.zenit.org<\/a><\/p>\n","protected":false},"excerpt":{"rendered":"<p>(ZENIT \u2013 Ciudad del Vaticano \u2013 29 Mar. 2017).- El papa Francisco ha saludado al concluir la audiencia general de este mi\u00e9rcoles a los peregrinos de idioma \u00e1rabe presentes en la Plaza de San Pedro, en particular los que viene de Irak. Y les anim\u00f3 a \u201cvivir sostenidos por la fe\u201d, palabras traducidas inmediatamente al &hellip; <a href=\"https:\/\/www.biblia.work\/noticias\/audiencia-el-papa-a-los-peregrinos-de-idioma-arabe-vivir-sostenidos-por-la-fe\/\" class=\"more-link\">Continuar leyendo<span class=\"screen-reader-text\"> \u00abAudiencia \u2013 el Papa a los peregrinos de idioma \u00e1rabe: \u2018Vivir sostenidos por la fe\u2019\u00bb<\/span><\/a><\/p>\n","protected":false},"author":1,"featured_media":0,"comment_status":"open","ping_status":"closed","sticky":false,"template":"","format":"standard","meta":{"footnotes":""},"categories":[1],"tags":[],"class_list":["post-13219","post","type-post","status-publish","format-standard","hentry","category-general"],"_links":{"self":[{"href":"https:\/\/www.biblia.work\/noticias\/wp-json\/wp\/v2\/posts\/13219","targetHints":{"allow":["GET"]}}],"collection":[{"href":"https:\/\/www.biblia.work\/noticias\/wp-json\/wp\/v2\/posts"}],"about":[{"href":"https:\/\/www.biblia.work\/noticias\/wp-json\/wp\/v2\/types\/post"}],"author":[{"embeddable":true,"href":"https:\/\/www.biblia.work\/noticias\/wp-json\/wp\/v2\/users\/1"}],"replies":[{"embeddable":true,"href":"https:\/\/www.biblia.work\/noticias\/wp-json\/wp\/v2\/comments?post=13219"}],"version-history":[{"count":0,"href":"https:\/\/www.biblia.work\/noticias\/wp-json\/wp\/v2\/posts\/13219\/revisions"}],"wp:attachment":[{"href":"https:\/\/www.biblia.work\/noticias\/wp-json\/wp\/v2\/media?parent=13219"}],"wp:term":[{"taxonomy":"category","embeddable":true,"href":"https:\/\/www.biblia.work\/noticias\/wp-json\/wp\/v2\/categories?post=13219"},{"taxonomy":"post_tag","embeddable":true,"href":"https:\/\/www.biblia.work\/noticias\/wp-json\/wp\/v2\/tags?post=13219"}],"curies":[{"name":"wp","href":"https:\/\/api.w.org\/{rel}","templated":true}]}}