{"id":13223,"date":"2017-03-29T11:15:02","date_gmt":"2017-03-29T16:15:02","guid":{"rendered":"http:\/\/www.biblia.work\/noticias\/san-pedro-regalado-30-de-marzo-2\/"},"modified":"2017-03-29T11:15:02","modified_gmt":"2017-03-29T16:15:02","slug":"san-pedro-regalado-30-de-marzo-2","status":"publish","type":"post","link":"https:\/\/www.biblia.work\/noticias\/san-pedro-regalado-30-de-marzo-2\/","title":{"rendered":"San Pedro Regalado \u2013\u00a030 de marzo"},"content":{"rendered":"<p style=\"text-align: justify\">(ZENIT &#8211; Madrid).- Pedro Regalado y de la Costanilla naci\u00f3 en Valladolid, Espa\u00f1a, hacia 1390. Perdi\u00f3 a su padre siendo muy peque\u00f1o. Su madre lo llevaba temprano al convento de San Francisco donde actuaba como monaguillo, por lo que f\u00e1cilmente se estableci\u00f3 un v\u00ednculo entra\u00f1able con los religiosos a los que acompa\u00f1aba en la santa misa, despertando en \u00e9l una temprana vocaci\u00f3n. A los 13 a\u00f1os ingres\u00f3 en el convento.<\/p>\n<p style=\"text-align: justify\">Era jovenc\u00edsimo cuando le impusieron el h\u00e1bito. Los muros de los claustros albergaban a personas sin escr\u00fapulos ni vocaci\u00f3n. Se hab\u00edan recluido en esos recintos con variadas y distintas intenciones, lo cual se evidenciaba en una falta de esp\u00edritu religioso. A nada de ello fue ajeno el momento hist\u00f3rico que propici\u00f3 numerosos arribismos de esta naturaleza. En esa \u00e9poca, el venerable fray Pedro de Villacreces, egregio maestro en teolog\u00eda por las universidades de Par\u00eds, Toulouse y Salamanca, estaba dispuesto a actuar para renovar la vida mon\u00e1stica que se hab\u00eda impregnado de muchas sombras proyectadas en ella al margen de la consagraci\u00f3n. Con este objetivo, el obispo de Osma le autoriz\u00f3 a fundar por tierras burgalesas.<\/p>\n<p style=\"text-align: justify\">En 1404 lleg\u00f3 a Valladolid. Proced\u00eda de las cuevas de Arlanza y del eremitorio de La Salceda donde se hallaba buscando seguidores para secundarle en tan delicada misi\u00f3n. Cuando Pedro Regalado lo conoci\u00f3 a sus 14 a\u00f1os, entr\u00f3 en inmediata sinton\u00eda con \u00e9l. La diferencia de edad \u2013el fraile superaba los 60\u2013, nunca fue un muro entre ambos; todo lo contrario. Y es que los dos compart\u00edan el anhelo de conquistar la santidad, y ante este alt\u00edsimo fin nada se interpone. Entonces fray Pedro ya era considerado santo por muchos, y fue instructor del joven que aprendi\u00f3 a estimar junto al fraile el cumplimiento de la observancia franciscana.<\/p>\n<p style=\"text-align: justify\">Unidos partieron rumbo a La Aguilera, lugar colindante a Aranda de Duero, para fundar un convento. Con sumo gozo, y sin temor a la austeridad porque buscaba la gloria de Dios con todas sus fuerzas, se abraz\u00f3 el muchacho al rigor de la regla. Y no era balad\u00ed. De las veinticuatro horas que tiene el d\u00eda, diez estaban destinadas a la oraci\u00f3n comunitaria y personal, trabajo y limosna. \u00c9ste era, en esencia, el plan cotidiano. El bondadoso fraile se ocup\u00f3 de formar a Pedro Regalado para el sacerdocio. \u00c9ste celebr\u00f3 su primera misa en la ermita del convento en 1412. De alg\u00fan modo era su credencial para realizar el apostolado en la cuenca media del Duero. Su virtud, percibida en palabras y gestos, era bendecida con hechos prodigiosos por los que fue reconocido como \u00abel santo del Duero\u00bb. Nadie quedaba indiferente ante sus dotes taumat\u00fargicas. Fray Pedro de Villacreces pod\u00eda respirar tranquilo; Dios hab\u00eda bendecido a la Orden con un gran santo. Durante once a\u00f1os cumpli\u00f3 con alegr\u00eda las humildes misiones que le encomendaron. Ofrec\u00eda limosnas a los pobres que llegaban al convento, trabaj\u00f3 en la cocina como ayudante, y fue sacrist\u00e1n, entre otras.<\/p>\n<p style=\"text-align: justify\">En 1415 cuando fray Pedro fund\u00f3 El Abrojo en la provincia de Valladolid, su disc\u00edpulo estaba tan bien formado y hab\u00eda dado tales muestras de virtud que no dud\u00f3 en elegirlo maestro de novicios. Y como tal prosigui\u00f3 su vida de intens\u00edsima mortificaci\u00f3n y penitencia. Recorr\u00eda el entorno como un consumado predicador. Con su sencillez y ardor apost\u00f3lico arrebataba numerosas conversiones. Todos acud\u00edan a \u00e9l con el coraz\u00f3n contrito y la certeza de que saldr\u00edan plenamente renovados despu\u00e9s de mostrarle las huellas de sus heridas. Nada tiene de particular que en octubre de 1422, cuando se produjo la muerte de Villacreces, tras el cap\u00edtulo de Pe\u00f1afiel los religiosos de las dos casas fundadas por \u00e9l pensaran en Pedro Regalado para que siguiera al frente de todos como prelado o vicario. Y no se equivocaron. La reforma se extendi\u00f3 como un floreciente rosario de nuevas fundaciones, conocidas como \u00ablas siete de la fama\u00bb.<\/p>\n<p style=\"text-align: justify\">Pedro, con su inflamada devoci\u00f3n por la Eucarist\u00eda, la Pasi\u00f3n de Cristo y Mar\u00eda, hilvanaba las jornadas consumi\u00e9ndose en oraci\u00f3n y sacrificios, sosteniendo el rigor de la regla que hab\u00eda heredado. Toda disciplina cab\u00eda en su acontecer. Los habitantes del lugar sab\u00edan de su severo ascetismo. Ve\u00edan su escu\u00e1lida figura perfilada sobre el cerro del \u00c1guila, rebosante de austeridades, portando los s\u00edmbolos del Redentor: cruz, corona de espinas y soga, mientras realizaba el Via Crucis.<\/p>\n<p style=\"text-align: justify\">Los milagros se suced\u00edan, como tambi\u00e9n los favores celestiales que recib\u00eda. Uno de ellos, quiz\u00e1 el m\u00e1s renombrado, alude a un 25 de marzo, festividad de la Anunciaci\u00f3n; estuvo vinculado a su amor por Mar\u00eda. Fue Ella quien debi\u00f3 colmar el anhelo del santo de poder postrarse ante su imagen en la iglesia de La Aguilera mientras rezaba maitines. El lugar distaba unos ochenta km. del Abrojo. Pero los \u00e1ngeles hicieron posible este sue\u00f1o de Pedro traslad\u00e1ndole en un santiam\u00e9n al templo, mientras una estrella que simbolizaba a la Virgen los conduc\u00eda. Devuelto del mismo modo al convento, una vez hubo cumplido su anhelo, todo se produjo en tan brev\u00edsimo espacio de tiempo que ninguno de sus hermanos lleg\u00f3 a percatarse de su ausencia, ignorando lo concerniente a este hecho prodigioso.<\/p>\n<p style=\"text-align: justify\">En 1456 Pedro viaj\u00f3 a San Antonio de Fresneda, cerca de Belorado, y se reuni\u00f3 con un religioso antiguo compa\u00f1ero suyo que se hallaba enfermo. Tambi\u00e9n \u00e9l regres\u00f3 al Abrojo debilitado. Ante la cercan\u00eda de su muerte, se traslad\u00f3 a La Aguilera y el 30 de marzo de ese a\u00f1o entreg\u00f3 su alma a Dios. Cuando en el est\u00edo de 1493 la reina Isabel la Cat\u00f3lica visit\u00f3 el convento, se dirigi\u00f3 a las damas de su s\u00e9quito y aludiendo a la tumba de Pedro, dijo: \u00abPisad despacio, que debajo de estas losas descansan los huesos de un santo\u00bb. Fue beatificado por Inocencio XI el 17 de agosto de 1683. Benedicto XIV lo canoniz\u00f3 el 29 de junio de 1746. Es el Patr\u00f3n de Valladolid.<\/p>\n<p><span class=\"et_bloom_bottom_trigger\"><\/span><\/p>\n<p><a href=\"https:\/\/es.zenit.org\/\" target=\"_blank\" rel=\"nofollow\">Fuente: es.zenit.org<\/a><\/p>\n","protected":false},"excerpt":{"rendered":"<p>(ZENIT &#8211; Madrid).- Pedro Regalado y de la Costanilla naci\u00f3 en Valladolid, Espa\u00f1a, hacia 1390. Perdi\u00f3 a su padre siendo muy peque\u00f1o. Su madre lo llevaba temprano al convento de San Francisco donde actuaba como monaguillo, por lo que f\u00e1cilmente se estableci\u00f3 un v\u00ednculo entra\u00f1able con los religiosos a los que acompa\u00f1aba en la santa &hellip; <a href=\"https:\/\/www.biblia.work\/noticias\/san-pedro-regalado-30-de-marzo-2\/\" class=\"more-link\">Continuar leyendo<span class=\"screen-reader-text\"> \u00abSan Pedro Regalado \u2013\u00a030 de marzo\u00bb<\/span><\/a><\/p>\n","protected":false},"author":1,"featured_media":0,"comment_status":"open","ping_status":"closed","sticky":false,"template":"","format":"standard","meta":{"footnotes":""},"categories":[1],"tags":[],"class_list":["post-13223","post","type-post","status-publish","format-standard","hentry","category-general"],"_links":{"self":[{"href":"https:\/\/www.biblia.work\/noticias\/wp-json\/wp\/v2\/posts\/13223","targetHints":{"allow":["GET"]}}],"collection":[{"href":"https:\/\/www.biblia.work\/noticias\/wp-json\/wp\/v2\/posts"}],"about":[{"href":"https:\/\/www.biblia.work\/noticias\/wp-json\/wp\/v2\/types\/post"}],"author":[{"embeddable":true,"href":"https:\/\/www.biblia.work\/noticias\/wp-json\/wp\/v2\/users\/1"}],"replies":[{"embeddable":true,"href":"https:\/\/www.biblia.work\/noticias\/wp-json\/wp\/v2\/comments?post=13223"}],"version-history":[{"count":0,"href":"https:\/\/www.biblia.work\/noticias\/wp-json\/wp\/v2\/posts\/13223\/revisions"}],"wp:attachment":[{"href":"https:\/\/www.biblia.work\/noticias\/wp-json\/wp\/v2\/media?parent=13223"}],"wp:term":[{"taxonomy":"category","embeddable":true,"href":"https:\/\/www.biblia.work\/noticias\/wp-json\/wp\/v2\/categories?post=13223"},{"taxonomy":"post_tag","embeddable":true,"href":"https:\/\/www.biblia.work\/noticias\/wp-json\/wp\/v2\/tags?post=13223"}],"curies":[{"name":"wp","href":"https:\/\/api.w.org\/{rel}","templated":true}]}}