{"id":13229,"date":"2017-03-29T14:05:03","date_gmt":"2017-03-29T19:05:03","guid":{"rendered":"http:\/\/www.biblia.work\/noticias\/san-jose-sanchez-del-rio-ponen-primera-piedra-de-nuevo-templo-dedicado-a-el-en-mexico\/"},"modified":"2017-03-29T14:05:03","modified_gmt":"2017-03-29T19:05:03","slug":"san-jose-sanchez-del-rio-ponen-primera-piedra-de-nuevo-templo-dedicado-a-el-en-mexico","status":"publish","type":"post","link":"https:\/\/www.biblia.work\/noticias\/san-jose-sanchez-del-rio-ponen-primera-piedra-de-nuevo-templo-dedicado-a-el-en-mexico\/","title":{"rendered":"San Jos\u00e9 S\u00e1nchez del R\u00edo: Ponen primera piedra de nuevo templo dedicado a \u00e9l en M\u00e9xico"},"content":{"rendered":"<p> CIUDAD DE M\u00c9XICO, 29 Mar. 17 (ACI).-<br \/>\n\tEl martes 28 de marzo fue colocada la primera piedra del nuevo templo dedicado a San Jos&eacute; S&aacute;nchez del R&iacute;o que ser&aacute; construido en la ciudad de Durango en M&eacute;xico.<\/p>\n<p style=\"text-align: justify\">\n\tLa ceremonia fue organizada por la Arquidi&oacute;cesis de Durango en la Colonia Ni&ntilde;os H&eacute;roes con motivo del 104 aniversario de nacimiento del Santo ni&ntilde;o cristero y m&aacute;rtir de la persecuci&oacute;n religiosa que sufri&oacute; M&eacute;xico en la d&eacute;cada de 1920.<\/p>\n<p style=\"text-align: justify\">\n\t&ldquo;De nuevo bienvenido a tu casa Joselito, toma posesi&oacute;n de ella y qu&eacute;date en esp&iacute;ritu en este lugar que ya te pertenece y que desde hoy te ofrecemos como morada permanente entre nosotros&rdquo;, expres&oacute; el P. Juan Carlos Quiroga, p&aacute;rroco de la iglesia del Esp&iacute;ritu Santo y encargado de oficiar la ceremonia.<\/p>\n<p style=\"text-align: justify\">\n\tSi bien a&uacute;n no se cuenta con fechas exactas para la construcci&oacute;n del templo, el presb&iacute;tero asegur&oacute; que el pueblo tiene &ldquo;mucha fe y confianza&rdquo; porque Dios les ha prometido &ldquo;caminar con ellos y no abandonarlos&rdquo;.<\/p>\n<p style=\"text-align: justify\">\n\t&ldquo;Este proyecto de poder contar con un templo m&aacute;s dentro de la arquidi&oacute;cesis, nace de la necesidad de poder evangelizar a m&aacute;s personas que no tienen a la cercan&iacute;a una iglesia a d&oacute;nde acudir, ya que la parroquia en s&iacute;, es un poco lejana, sobre todo para las personas que viven en la periferia de esta colonia&rdquo;, agreg&oacute; el presb&iacute;tero.<\/p>\n<p style=\"text-align: justify\">\n\tFinalmente, el P. Quiroga afirm&oacute; que la feligres&iacute;a &ldquo;cree y conf&iacute;a en Joselito&rdquo; para que con su ayuda se logre la construcci&oacute;n del templo &ldquo;que es para gloria de Dios, y pronto ser&aacute; una realidad&rdquo;.<\/p>\n<p style=\"text-align: justify\">\n\tTambi&eacute;n te puede interesar:&nbsp;<\/p>\n<p style=\"text-align: justify\">\n\t\t7 cosas que debes saber sobre San Jos&eacute; S&aacute;nchez del R&iacute;o https:\/\/t.co\/TvDOFaA8Bp<\/p>\n<p>\t&mdash; ACI Prensa (@aciprensa) 10 de febrero de 2017<\/p>\n<p style=\"text-align: justify\">\n\t&nbsp;<\/p>\n","protected":false},"excerpt":{"rendered":"<p>CIUDAD DE M\u00c9XICO, 29 Mar. 17 (ACI).- El martes 28 de marzo fue colocada la primera piedra del nuevo templo dedicado a San Jos&eacute; S&aacute;nchez del R&iacute;o que ser&aacute; construido en la ciudad de Durango en M&eacute;xico. La ceremonia fue organizada por la Arquidi&oacute;cesis de Durango en la Colonia Ni&ntilde;os H&eacute;roes con motivo del 104 &hellip; <a href=\"https:\/\/www.biblia.work\/noticias\/san-jose-sanchez-del-rio-ponen-primera-piedra-de-nuevo-templo-dedicado-a-el-en-mexico\/\" class=\"more-link\">Continuar leyendo<span class=\"screen-reader-text\"> \u00abSan Jos\u00e9 S\u00e1nchez del R\u00edo: Ponen primera piedra de nuevo templo dedicado a \u00e9l en M\u00e9xico\u00bb<\/span><\/a><\/p>\n","protected":false},"author":1,"featured_media":0,"comment_status":"open","ping_status":"closed","sticky":false,"template":"","format":"standard","meta":{"footnotes":""},"categories":[1],"tags":[],"class_list":["post-13229","post","type-post","status-publish","format-standard","hentry","category-general"],"_links":{"self":[{"href":"https:\/\/www.biblia.work\/noticias\/wp-json\/wp\/v2\/posts\/13229","targetHints":{"allow":["GET"]}}],"collection":[{"href":"https:\/\/www.biblia.work\/noticias\/wp-json\/wp\/v2\/posts"}],"about":[{"href":"https:\/\/www.biblia.work\/noticias\/wp-json\/wp\/v2\/types\/post"}],"author":[{"embeddable":true,"href":"https:\/\/www.biblia.work\/noticias\/wp-json\/wp\/v2\/users\/1"}],"replies":[{"embeddable":true,"href":"https:\/\/www.biblia.work\/noticias\/wp-json\/wp\/v2\/comments?post=13229"}],"version-history":[{"count":0,"href":"https:\/\/www.biblia.work\/noticias\/wp-json\/wp\/v2\/posts\/13229\/revisions"}],"wp:attachment":[{"href":"https:\/\/www.biblia.work\/noticias\/wp-json\/wp\/v2\/media?parent=13229"}],"wp:term":[{"taxonomy":"category","embeddable":true,"href":"https:\/\/www.biblia.work\/noticias\/wp-json\/wp\/v2\/categories?post=13229"},{"taxonomy":"post_tag","embeddable":true,"href":"https:\/\/www.biblia.work\/noticias\/wp-json\/wp\/v2\/tags?post=13229"}],"curies":[{"name":"wp","href":"https:\/\/api.w.org\/{rel}","templated":true}]}}