{"id":13233,"date":"2017-03-29T16:05:03","date_gmt":"2017-03-29T21:05:03","guid":{"rendered":"http:\/\/www.biblia.work\/noticias\/secuestran-a-sacerdote-catolico-en-mexico-obispo-pide-rezar-por-su-liberacion\/"},"modified":"2017-03-29T16:05:03","modified_gmt":"2017-03-29T21:05:03","slug":"secuestran-a-sacerdote-catolico-en-mexico-obispo-pide-rezar-por-su-liberacion","status":"publish","type":"post","link":"https:\/\/www.biblia.work\/noticias\/secuestran-a-sacerdote-catolico-en-mexico-obispo-pide-rezar-por-su-liberacion\/","title":{"rendered":"Secuestran a sacerdote cat\u00f3lico en M\u00e9xico: Obispo pide rezar por su liberaci\u00f3n"},"content":{"rendered":"<p> CIUDAD DE M\u00c9XICO, 29 Mar. 17 (ACI).-<br \/>\n\tEl Obispo de Tampico en M&eacute;xico, Mons. Jos&eacute; Luis Dibildox Mart&iacute;nez, inform&oacute; que el P. Oscar L&oacute;pez Navarro, de 40 a&ntilde;os de edad, fue secuestrado el martes 28 de marzo.<\/p>\n<p style=\"text-align: justify\">\n\tEn declaraciones a la prensa, el Prelado explic&oacute; que el sacerdote, miembro de los Misioneros de Cristo Mediador, fue secuestrado cuando llegaba a su parroquia San Jos&eacute; Obrero en el municipio de Altamira.<\/p>\n<p style=\"text-align: justify\">\n\tEl Obispo indic&oacute; que los delincuentes siguieron al sacerdote y cuando est&eacute; lleg&oacute; en su auto a la iglesia, fue raptado en cuanto abri&oacute; la puerta del veh&iacute;culo.<\/p>\n<p style=\"text-align: justify\">\n\tNo s&eacute; conoce a&uacute;n las razones del secuestro y las autoridades ya est&aacute;n al tanto de lo ocurrido.<\/p>\n<p style=\"text-align: justify\">\n\tEn estos momentos, dijo Mons. Dibildox, los misioneros est&aacute;n en negociaciones con los secuestradores.<\/p>\n<p style=\"text-align: justify\">\n\t&ldquo;Lo &uacute;nico que sabemos es que los padres de esa comunidad han sido muy discretos. Normalmente les piden los secuestradores que no hablen, que no digan, que no denuncien. Y la gente tiene temor por la vida de este sacerdote&rdquo;, dijo el Obispo.<\/p>\n<p style=\"text-align: justify\">\n\t&ldquo;Le pedimos a la gente su oraci&oacute;n para que todo esto termine pac&iacute;ficamente. Ojal&aacute; le den la libertad a este sacerdote y pueda regresar a seguir cumpliendo con su responsabilidad&rdquo;, exhort&oacute; el Prelado.<\/p>\n<p style=\"text-align: justify\">\n\tEl P. L&oacute;pez Navarro ten&iacute;a 6 a&ntilde;os en la parroquia San Jos&eacute; Obrero. El Obispo inform&oacute; asimismo que &ldquo;es la primera vez que pasa esto en la di&oacute;cesis de Tampico&rdquo;.<\/p>\n<p style=\"text-align: justify\">\n\tLa Conferencia del Episcopado Mexicano (CEM), a trav&eacute;s de su cuenta de Twitter, se solidariz&oacute; con el Obispo de Tampico &ldquo;por el lamentable secuestro del P. Oscar L&oacute;pez Navarro&rdquo;.<\/p>\n<p style=\"text-align: justify\">\n\tTambi&eacute;n te puede interesar:<\/p>\n<p style=\"text-align: justify\">\n\t\tM&eacute;xico: Obispo se re&uacute;ne con grupos criminales para proteger a sacerdotes amenazados https:\/\/t.co\/5srTCHhIRQ<\/p>\n<p>\t&mdash; ACI Prensa (@aciprensa) 29 de marzo de 2017<\/p>\n","protected":false},"excerpt":{"rendered":"<p>CIUDAD DE M\u00c9XICO, 29 Mar. 17 (ACI).- El Obispo de Tampico en M&eacute;xico, Mons. Jos&eacute; Luis Dibildox Mart&iacute;nez, inform&oacute; que el P. Oscar L&oacute;pez Navarro, de 40 a&ntilde;os de edad, fue secuestrado el martes 28 de marzo. En declaraciones a la prensa, el Prelado explic&oacute; que el sacerdote, miembro de los Misioneros de Cristo Mediador, &hellip; <a href=\"https:\/\/www.biblia.work\/noticias\/secuestran-a-sacerdote-catolico-en-mexico-obispo-pide-rezar-por-su-liberacion\/\" class=\"more-link\">Continuar leyendo<span class=\"screen-reader-text\"> \u00abSecuestran a sacerdote cat\u00f3lico en M\u00e9xico: Obispo pide rezar por su liberaci\u00f3n\u00bb<\/span><\/a><\/p>\n","protected":false},"author":1,"featured_media":0,"comment_status":"open","ping_status":"closed","sticky":false,"template":"","format":"standard","meta":{"footnotes":""},"categories":[1],"tags":[],"class_list":["post-13233","post","type-post","status-publish","format-standard","hentry","category-general"],"_links":{"self":[{"href":"https:\/\/www.biblia.work\/noticias\/wp-json\/wp\/v2\/posts\/13233","targetHints":{"allow":["GET"]}}],"collection":[{"href":"https:\/\/www.biblia.work\/noticias\/wp-json\/wp\/v2\/posts"}],"about":[{"href":"https:\/\/www.biblia.work\/noticias\/wp-json\/wp\/v2\/types\/post"}],"author":[{"embeddable":true,"href":"https:\/\/www.biblia.work\/noticias\/wp-json\/wp\/v2\/users\/1"}],"replies":[{"embeddable":true,"href":"https:\/\/www.biblia.work\/noticias\/wp-json\/wp\/v2\/comments?post=13233"}],"version-history":[{"count":0,"href":"https:\/\/www.biblia.work\/noticias\/wp-json\/wp\/v2\/posts\/13233\/revisions"}],"wp:attachment":[{"href":"https:\/\/www.biblia.work\/noticias\/wp-json\/wp\/v2\/media?parent=13233"}],"wp:term":[{"taxonomy":"category","embeddable":true,"href":"https:\/\/www.biblia.work\/noticias\/wp-json\/wp\/v2\/categories?post=13233"},{"taxonomy":"post_tag","embeddable":true,"href":"https:\/\/www.biblia.work\/noticias\/wp-json\/wp\/v2\/tags?post=13233"}],"curies":[{"name":"wp","href":"https:\/\/api.w.org\/{rel}","templated":true}]}}