{"id":13234,"date":"2017-03-29T17:05:02","date_gmt":"2017-03-29T22:05:02","guid":{"rendered":"http:\/\/www.biblia.work\/noticias\/canonizacion-de-primeros-martires-de-america-tendria-gran-impacto-en-las-familias\/"},"modified":"2017-03-29T17:05:02","modified_gmt":"2017-03-29T22:05:02","slug":"canonizacion-de-primeros-martires-de-america-tendria-gran-impacto-en-las-familias","status":"publish","type":"post","link":"https:\/\/www.biblia.work\/noticias\/canonizacion-de-primeros-martires-de-america-tendria-gran-impacto-en-las-familias\/","title":{"rendered":"Canonizaci\u00f3n de primeros m\u00e1rtires de Am\u00e9rica tendr\u00eda gran impacto en las familias"},"content":{"rendered":"<p> REDACCI\u00d3N CENTRAL, 29 Mar. 17 (ACI).-<br \/>\n\tLa pr&oacute;xima canonizaci&oacute;n de los Ni&ntilde;os M&aacute;rtires de Tlaxcala, de M&eacute;xico, los primeros m&aacute;rtires de Am&eacute;rica, podr&iacute;a tener un profundo impacto en las familias, asegur&oacute; el Arzobispo mexicano que ha acompa&ntilde;ado la causa en los &uacute;ltimos a&ntilde;os.<\/p>\n<p style=\"text-align: justify\">\n\tEl hoy Arzobispo de Tijuana, Mons. Francisco Moreno Barr&oacute;n, fue hasta hace apenas medio a&ntilde;o Obispo de Tlaxcala, y con esa responsabilidad pastoral encabez&oacute; durante los &uacute;ltimos a&ntilde;os el esfuerzo por llegar al final de la causa de canonizaci&oacute;n de los beatos Crist&oacute;bal, Antonio y Juan.<\/p>\n<p style=\"text-align: justify\">\n\tEn declaraciones para ACI Prensa, Mons. Moreno Barr&oacute;n destac&oacute; que la canonizaci&oacute;n de los ni&ntilde;os m&aacute;rtires mexicanos &ldquo;es un momento de gracia, de bendici&oacute;n para la Iglesia universal&rdquo; y un llamado a que &ldquo;valoremos la familia como un don de Dios&rdquo;.<\/p>\n<p style=\"text-align: justify\">\n\t&ldquo;Espero que en otros pa&iacute;ses, como en el Per&uacute;, Estados Unidos, en donde quiera, sean tambi&eacute;n promovidos como patronos de la ni&ntilde;ez en estos tiempos tan dif&iacute;ciles en que los ni&ntilde;os son golpeados, abusados, en que falta realmente un respeto integral y una promoci&oacute;n de los mismos en la Iglesia y en la sociedad&rdquo;, dijo.<\/p>\n<p style=\"text-align: justify\">\n\tLos Ni&ntilde;os M&aacute;rtires de Tlaxcala fueron asesinados por odio a la fe entre 1527 y 1529, mientras evangelizaban y combat&iacute;an la idolatr&iacute;a en sus comunidades, luego de recibir la catequesis y el bautismo de los misioneros franciscanos y dominicos. Apenas tres d&eacute;cadas atr&aacute;s, en 1492, Crist&oacute;bal Col&oacute;n llegaba a tierras americanas.<\/p>\n<p style=\"text-align: justify\">\n\tEn el caso del Beato Crist&oacute;bal, fue asesinado por su propio padre, quien lo golpe&oacute; y luego quem&oacute;, furioso por la labor evangelizadora de su hijo. Antonio y Juan fueron matados a palos por miembros de su comunidad.<\/p>\n<p style=\"text-align: justify\">\n\tLos tres ten&iacute;an alrededor de 12 a&ntilde;os al momento de su muerte.<\/p>\n<p style=\"text-align: justify\">\n\tEl Arzobispo asegur&oacute; que la canonizaci&oacute;n ser&aacute; un &ldquo;regalo para la Iglesia universal&rdquo;, que debe acogerse &ldquo;con una gran alegr&iacute;a, una gratitud especial a Dios&rdquo;, al tiempo que debe asumirse el compromiso &ldquo;de promover a estos ni&ntilde;os, particularmente, entre muchas ni&ntilde;as y ni&ntilde;os que podr&aacute;n imitarles en su vida humana y cristiana&rdquo;.<\/p>\n<p style=\"text-align: justify\">\n\tMons. Moreno Barr&oacute;n explic&oacute; que no se necesit&oacute; un milagro para la aprobaci&oacute;n de la canonizaci&oacute;n de los tres ni&ntilde;os, porque se sigui&oacute; el proceso &ldquo;por la v&iacute;a de la fama de santidad&rdquo;.<\/p>\n<p style=\"text-align: justify\">\n\t&ldquo;No olvidemos que se trata de ni&ntilde;os m&aacute;rtires. Ya el martirio les da el acceso a la santidad&rdquo;, dijo.<\/p>\n<p style=\"text-align: justify\">\n\tEl Prelado mexicano indic&oacute; que el Papa Francisco tom&oacute; en cuenta que los cardenales y obispos miembros de la Congregaci&oacute;n para las Causas de los Santos, que analizaron a profundidad la documentaci&oacute;n sobre los tres beatos, dieron su voto favorable para la canonizaci&oacute;n.<\/p>\n<p style=\"text-align: justify\">\n\tSolo quedar&iacute;a esperar que el Papa Francisco anuncie la fecha para la canonizaci&oacute;n, en un pr&oacute;ximo consistorio, dijo el Arzobispo.<\/p>\n<p style=\"text-align: justify\">\n\tMons. Moreno Barr&oacute;n destac&oacute; que &ldquo;se trata de los primeros m&aacute;rtires de Am&eacute;rica, y un d&iacute;a que sean canonizados estos ni&ntilde;os ser&aacute;n una bendici&oacute;n no solo para Tlaxcala, sino para todo M&eacute;xico, Am&eacute;rica y el mundo entero&rdquo;.<\/p>\n<p style=\"text-align: justify\">\n\tEsta canonizaci&oacute;n, subray&oacute;, &ldquo;ser&aacute; un impulso muy fuerte para descubrir el llamado a la santidad de una manera especial de los ni&ntilde;os, adolescentes y j&oacute;venes&rdquo;.<\/p>\n<p style=\"text-align: justify\">\n\tPor su parte, el P. Crist&oacute;bal Gaspariano, vocero de la Di&oacute;cesis de Tlaxcala, asegur&oacute; que han recibido la noticia de la canonizaci&oacute;n &ldquo;con gran j&uacute;bilo&rdquo; y se&ntilde;al&oacute; que &ldquo;son a&ntilde;os de trabajo&rdquo; promoviendo la causa y ense&ntilde;ando su vida a los ni&ntilde;os de la regi&oacute;n.<\/p>\n<p style=\"text-align: justify\">\n\t&ldquo;Las parroquias nos hemos organizado con comisiones de Ni&ntilde;os M&aacute;rtires en todas las parroquias, donde cada 23 de mes se hace una Misa&rdquo;, dijo, y explic&oacute; que el 23 de septiembre se celebra ah&iacute; la fiesta de los tres beatos.<\/p>\n<p style=\"text-align: justify\">\n\t&ldquo;Tambi&eacute;n hacemos peregrinaciones con cada parroquia al santuario de los ni&ntilde;os m&aacute;rtires&rdquo;, en un evento que re&uacute;ne a unos 10 mil. &ldquo;Muchos van vestidos con el traje t&iacute;pico de los ni&ntilde;os m&aacute;rtires&rdquo;.<\/p>\n<p style=\"text-align: justify\">\n\t&ldquo;Ya tenemos a&ntilde;os viviendo la experiencia&rdquo;, se&ntilde;al&oacute;.<\/p>\n<p style=\"text-align: justify\">\n\tEl P. Gaspariano dijo que &ldquo;hoy est&aacute; faltando en la Iglesia Cat&oacute;lica, en general, que el ni&ntilde;o que ha hecho sus sacramentos salga con ese esp&iacute;ritu misionero, como decimos en Am&eacute;rica Latina, que sea disc&iacute;pulo misionero&rdquo;.<\/p>\n<p style=\"text-align: justify\">\n\t&ldquo;Creo que es un buen momento para retomar lo que se ha dicho en Aparecida, con el modelo de estos ni&ntilde;os e impulsemos otra vez ese trabajo pastoral tan necesario en nuestra Iglesia&rdquo;.<\/p>\n<p style=\"text-align: justify\">\n\tMons. Francisco Moreno Barr&oacute;n record&oacute; que el hoy Papa Em&eacute;rito Benedicto XVI, en su visita a Guadalajara (M&eacute;xico) en 2012, record&oacute; a los Ni&ntilde;os M&aacute;rtires de Tlaxcala &ldquo;en la plaza y los present&oacute; como ejemplo a los ni&ntilde;os de M&eacute;xico&rdquo;.<\/p>\n<p style=\"text-align: justify\">\n\t&ldquo;Y hace poco, los Obispos de M&eacute;xico, tomamos la decisi&oacute;n por unanimidad de proclamarlos patronos de la ni&ntilde;ez mexicana. Esta documentaci&oacute;n se mand&oacute; a Roma y ya hemos recibido la ratificaci&oacute;n de esto&rdquo;, se&ntilde;al&oacute;.<\/p>\n<p style=\"text-align: justify\">\n\tTambi&eacute;n te puede interesar:<\/p>\n<p style=\"text-align: justify\">\n\t\tLos Ni&ntilde;os M&aacute;rtires de Tlaxcala en M&eacute;xico ser&aacute;n canonizados https:\/\/t.co\/KHhyqMciQ6<\/p>\n<p>\t&mdash; ACI Prensa (@aciprensa) 23 de marzo de 2017<\/p>\n","protected":false},"excerpt":{"rendered":"<p>REDACCI\u00d3N CENTRAL, 29 Mar. 17 (ACI).- La pr&oacute;xima canonizaci&oacute;n de los Ni&ntilde;os M&aacute;rtires de Tlaxcala, de M&eacute;xico, los primeros m&aacute;rtires de Am&eacute;rica, podr&iacute;a tener un profundo impacto en las familias, asegur&oacute; el Arzobispo mexicano que ha acompa&ntilde;ado la causa en los &uacute;ltimos a&ntilde;os. El hoy Arzobispo de Tijuana, Mons. Francisco Moreno Barr&oacute;n, fue hasta hace &hellip; <a href=\"https:\/\/www.biblia.work\/noticias\/canonizacion-de-primeros-martires-de-america-tendria-gran-impacto-en-las-familias\/\" class=\"more-link\">Continuar leyendo<span class=\"screen-reader-text\"> \u00abCanonizaci\u00f3n de primeros m\u00e1rtires de Am\u00e9rica tendr\u00eda gran impacto en las familias\u00bb<\/span><\/a><\/p>\n","protected":false},"author":1,"featured_media":0,"comment_status":"open","ping_status":"closed","sticky":false,"template":"","format":"standard","meta":{"footnotes":""},"categories":[1],"tags":[],"class_list":["post-13234","post","type-post","status-publish","format-standard","hentry","category-general"],"_links":{"self":[{"href":"https:\/\/www.biblia.work\/noticias\/wp-json\/wp\/v2\/posts\/13234","targetHints":{"allow":["GET"]}}],"collection":[{"href":"https:\/\/www.biblia.work\/noticias\/wp-json\/wp\/v2\/posts"}],"about":[{"href":"https:\/\/www.biblia.work\/noticias\/wp-json\/wp\/v2\/types\/post"}],"author":[{"embeddable":true,"href":"https:\/\/www.biblia.work\/noticias\/wp-json\/wp\/v2\/users\/1"}],"replies":[{"embeddable":true,"href":"https:\/\/www.biblia.work\/noticias\/wp-json\/wp\/v2\/comments?post=13234"}],"version-history":[{"count":0,"href":"https:\/\/www.biblia.work\/noticias\/wp-json\/wp\/v2\/posts\/13234\/revisions"}],"wp:attachment":[{"href":"https:\/\/www.biblia.work\/noticias\/wp-json\/wp\/v2\/media?parent=13234"}],"wp:term":[{"taxonomy":"category","embeddable":true,"href":"https:\/\/www.biblia.work\/noticias\/wp-json\/wp\/v2\/categories?post=13234"},{"taxonomy":"post_tag","embeddable":true,"href":"https:\/\/www.biblia.work\/noticias\/wp-json\/wp\/v2\/tags?post=13234"}],"curies":[{"name":"wp","href":"https:\/\/api.w.org\/{rel}","templated":true}]}}