{"id":13243,"date":"2017-03-30T05:15:02","date_gmt":"2017-03-30T10:15:02","guid":{"rendered":"http:\/\/www.biblia.work\/noticias\/texto-de-la-carta-del-papa-francisco-a-los-organizadores-de-la-jornada-mundial-de-la-familia\/"},"modified":"2017-03-30T05:15:02","modified_gmt":"2017-03-30T10:15:02","slug":"texto-de-la-carta-del-papa-francisco-a-los-organizadores-de-la-jornada-mundial-de-la-familia","status":"publish","type":"post","link":"https:\/\/www.biblia.work\/noticias\/texto-de-la-carta-del-papa-francisco-a-los-organizadores-de-la-jornada-mundial-de-la-familia\/","title":{"rendered":"Texto de la carta del papa Francisco a los organizadores de la Jornada Mundial de la Familia"},"content":{"rendered":"<p style=\"text-align: justify\">(ZENIT \u2013 Ciudad del Vaticano, 30 Mar. 2017).- Publicamos a continuaci\u00f3n la carta que el santo padre Francisco ha enviado al prefecto del dicasterio para los Laicos, Familia y Vida, cardenal Kevin Farrell, teniendo en vista la preparaci\u00f3n del IX Encuentro Mundial de las Familias.<\/p>\n<p style=\"text-align: justify\">Este evento se realizar\u00e1 del 21 al 26 de agosto de 2018 en Dubl\u00edn, Irlanda, sobre el tema \u201cEl Evangelio de la Familia: alegr\u00eda para el mundo\u201d.<\/p>\n<p style=\"text-align: justify\">Al Venerado Hermano el cardenal Kevin Farrell, prefecto del dicasterio para los Laicos, la Familia y la Vida Al final del VIII Encuentro Mundial de las Familias, celebrado en Filadelfia en septiembre de 2015, anunci\u00e9 que el encuentro sucesivo con las familias cat\u00f3licas de todo el mundo tendr\u00eda lugar en Dubl\u00edn.<\/p>\n<p style=\"text-align: justify\">Ahora, con el deseo de comenzar su preparaci\u00f3n, me complazco en confirmar que se desarrollar\u00e1 del 21 al 26 de agosto de 2018, sobre el tema: \u201cEl Evangelio de la familia: alegr\u00eda para mundo\u201d. Y con respecto a este tema y a su desarrollo quisiera ofrecer algunas indicaciones m\u00e1s precisas.<\/p>\n<p style=\"text-align: justify\">Deseo, efectivamente, que las familias puedan profundizar en la reflexi\u00f3n y la condivisi\u00f3n de los contenidos de la Exhortaci\u00f3n Apost\u00f3lica post-sinodal Amoris Laetitia.<\/p>\n<p style=\"text-align: justify\">Nos podr\u00edamos preguntar: \u00bfEl Evangelio sigue siendo alegr\u00eda para el mundo? Y tambi\u00e9n: \u00bfLa familia sigue siendo una buena noticia para el mundo de hoy? \u00a1Yo estoy seguro de que s\u00ed! Y este \u201cs\u00ed\u201d est\u00e1 firmemente fundado en el plan de Dios.<\/p>\n<p style=\"text-align: justify\">El amor de Dios es su \u201cs\u00ed\u201d a toda la creaci\u00f3n y al coraz\u00f3n de la misma, que es el hombre. Es el \u201cs\u00ed\u201d de Dios a la uni\u00f3n entre el hombre y la mujer, abierta a la vida y al servicio de ella en todas sus fases; es el \u201cs\u00ed\u201d y el compromiso de Dios con una humanidad a menudo herida, maltratada y dominada por la falta de amor.<\/p>\n<p style=\"text-align: justify\">La familia, por lo tanto, es el \u201cs\u00ed\u201d del Dios Amor. Solamente partiendo del amor la familia puede manifestar, difundir y regenerar el amor de Dios en el mundo. Sin amor no se puede vivir como hijos de Dios, como c\u00f3nyuges, padres y hermanos.<\/p>\n<p style=\"text-align: justify\">Quiero hacer hincapi\u00e9 en la importancia de que las familias se pregunten a menudo si viven partiendo del amor, por el amor y en el amor. Esto significa concretamente darse, perdonarse, no perder la paciencia, anticiparse al otro, respetarse. \u00a1C\u00f3mo mejorar\u00eda la vida familiar si cada d\u00eda se vivieran las tres sencillas palabras \u201cpermiso\u201d, \u201cgracias\u201d, \u201clo siento\u201d!<\/p>\n<p style=\"text-align: justify\">Todos los d\u00edas experimentamos la fragilidad y la debilidad, y por eso todos nosotros, familias y pastores, necesitamos una humildad renovada que plasme el deseo de formarnos, de educarnos y de ser educados, de ayudar y de ser ayudados, de acompa\u00f1ar, discernir e integrar a todos los hombres de buena voluntad.<\/p>\n<p style=\"text-align: justify\">Sue\u00f1o con una Iglesia en salida, no autorreferencial, una Iglesia que no pase lejos de las heridas del hombre, una Iglesia misericordiosa que anuncie el coraz\u00f3n de la revelaci\u00f3n de Dios Amor que es la Misericordia.<\/p>\n<p style=\"text-align: justify\">Es la misma misericordia que nos hace nuevos en el amor; y sabemos cuanto las familias cristianas sean lugares de misericordia y testigos de misericordia; despu\u00e9s del Jubileo extraordinario lo ser\u00e1n todav\u00eda m\u00e1s, y el Encuentro de Dubl\u00edn podr\u00e1 dar se\u00f1ales concretas.<\/p>\n<p style=\"text-align: justify\">Invito, pues, a toda la Iglesia a recordar estas indicaciones en la preparaci\u00f3n pastoral para el pr\u00f3ximo Encuentro Mundial.<\/p>\n<p style=\"text-align: justify\">Ante Usted, querido Hermano, junto con sus colaboradores, se presenta la tarea de conjugar de una forma especial la ense\u00f1anza de Amoris Laetitia, con la cual la Iglesia desea que las familias est\u00e9n siempre en camino, en esa peregrinaci\u00f3n interior que es una manifestaci\u00f3n de vida aut\u00e9ntica. Mi pensamiento se dirige de manera especial a la archidi\u00f3cesis de Dubl\u00edn y a toda la querida Naci\u00f3n irlandesa, por la generosa hospitalidad y el esfuerzo que implica organizar un evento de esta magnitud.<\/p>\n<p style=\"text-align: justify\">\u00a1Que el Se\u00f1or les recompense a partir de ahora, concedi\u00e9ndoles en abundancia favores celestes! La Sagrada Familia de Nazaret gu\u00ede, acompa\u00f1e y bendiga vuestro servicio y a todas las familias involucradas en la preparaci\u00f3n del gran Encuentro Mundial de Dubl\u00edn.<\/p>\n<p style=\"text-align: justify\">Desde el Vaticano, 25 de marzo de 2017<\/p>\n<p><span class=\"et_bloom_bottom_trigger\"><\/span><\/p>\n<p><a href=\"https:\/\/es.zenit.org\/\" target=\"_blank\" rel=\"nofollow\">Fuente: es.zenit.org<\/a><\/p>\n","protected":false},"excerpt":{"rendered":"<p>(ZENIT \u2013 Ciudad del Vaticano, 30 Mar. 2017).- Publicamos a continuaci\u00f3n la carta que el santo padre Francisco ha enviado al prefecto del dicasterio para los Laicos, Familia y Vida, cardenal Kevin Farrell, teniendo en vista la preparaci\u00f3n del IX Encuentro Mundial de las Familias. Este evento se realizar\u00e1 del 21 al 26 de agosto &hellip; <a href=\"https:\/\/www.biblia.work\/noticias\/texto-de-la-carta-del-papa-francisco-a-los-organizadores-de-la-jornada-mundial-de-la-familia\/\" class=\"more-link\">Continuar leyendo<span class=\"screen-reader-text\"> \u00abTexto de la carta del papa Francisco a los organizadores de la Jornada Mundial de la Familia\u00bb<\/span><\/a><\/p>\n","protected":false},"author":1,"featured_media":0,"comment_status":"open","ping_status":"closed","sticky":false,"template":"","format":"standard","meta":{"footnotes":""},"categories":[1],"tags":[],"class_list":["post-13243","post","type-post","status-publish","format-standard","hentry","category-general"],"_links":{"self":[{"href":"https:\/\/www.biblia.work\/noticias\/wp-json\/wp\/v2\/posts\/13243","targetHints":{"allow":["GET"]}}],"collection":[{"href":"https:\/\/www.biblia.work\/noticias\/wp-json\/wp\/v2\/posts"}],"about":[{"href":"https:\/\/www.biblia.work\/noticias\/wp-json\/wp\/v2\/types\/post"}],"author":[{"embeddable":true,"href":"https:\/\/www.biblia.work\/noticias\/wp-json\/wp\/v2\/users\/1"}],"replies":[{"embeddable":true,"href":"https:\/\/www.biblia.work\/noticias\/wp-json\/wp\/v2\/comments?post=13243"}],"version-history":[{"count":0,"href":"https:\/\/www.biblia.work\/noticias\/wp-json\/wp\/v2\/posts\/13243\/revisions"}],"wp:attachment":[{"href":"https:\/\/www.biblia.work\/noticias\/wp-json\/wp\/v2\/media?parent=13243"}],"wp:term":[{"taxonomy":"category","embeddable":true,"href":"https:\/\/www.biblia.work\/noticias\/wp-json\/wp\/v2\/categories?post=13243"},{"taxonomy":"post_tag","embeddable":true,"href":"https:\/\/www.biblia.work\/noticias\/wp-json\/wp\/v2\/tags?post=13243"}],"curies":[{"name":"wp","href":"https:\/\/api.w.org\/{rel}","templated":true}]}}