{"id":13248,"date":"2017-03-30T06:15:02","date_gmt":"2017-03-30T11:15:02","guid":{"rendered":"http:\/\/www.biblia.work\/noticias\/carta-del-papa-a-la-jmf-cardenal-farrell-manifestaremos-la-belleza-del-designio-de-dios-sobre-la-familia\/"},"modified":"2017-03-30T06:15:02","modified_gmt":"2017-03-30T11:15:02","slug":"carta-del-papa-a-la-jmf-cardenal-farrell-manifestaremos-la-belleza-del-designio-de-dios-sobre-la-familia","status":"publish","type":"post","link":"https:\/\/www.biblia.work\/noticias\/carta-del-papa-a-la-jmf-cardenal-farrell-manifestaremos-la-belleza-del-designio-de-dios-sobre-la-familia\/","title":{"rendered":"Carta del Papa a la JMF \u2013 Cardenal Farrell: Manifestaremos la belleza del designio de Dios sobre la familia"},"content":{"rendered":"<p style=\"text-align: justify\">(ZENIT \u2013 Ciudad del Vaticano, 30 Mar. 2017).- \u201cEsperamos que s\u00ed, que el Papa venga a Dubl\u00edn, para la Jornada Mundial de las Familias y para celebrar la misa\u201d, indic\u00f3 el cardenal Kevin J. Farrel, prefecto del Dicasterio para los laicos, a lo que el arzobispo de Dubl\u00edn, Diarmuid Martin, a\u00f1adi\u00f3: \u201cNo solo inter\u00e9s pero deseo, me dijo\u201d.<\/p>\n<p style=\"text-align: justify\">La declaraci\u00f3n la hicieron este jueves en la Sala de prensa de la Santa Sede, durante la presentaci\u00f3n de la carta del papa Francisco a los organizadores de la Jornada Mundial de la Familia, que se realizar\u00e1 en Dubl\u00edn del 21 al 26 de agosto de 2018.<\/p>\n<p style=\"text-align: justify\">\u201cLa carta que hoy se hace p\u00fablica confirma la fecha y el tema: \u201cEl Evangelio de la Familia: alegr\u00eda para el mundo\u201d, indic\u00f3 el cardenal Farrell, precisando que la primera referencia que el Papa indica es de ofrecer en este encuentro a las familias de todo el mundo la posibilidad de \u201cprofundizar su reflexi\u00f3n y de compartir los contenidos de la Exhortaci\u00f3n apost\u00f3lica post-sinodal Amoris Laetitia\u201d.<\/p>\n<p style=\"text-align: justify\">Quiso entretanto subrayar que la preparaci\u00f3n de este gran evento &#8220;es importante ya en cada una de las di\u00f3cesis y parroquias\u201d, como lo ser\u00e1 la celebraci\u00f3n final en Irlanda.<\/p>\n<p style=\"text-align: justify\">El purpurado se\u00f1al\u00f3 que el Padre interroga en la carta: \u201c\u00bfEl Evangelio sigue siendo alegr\u00eda para el mundo?\u201d y: \u201cLa familia sigue siendo una buena noticia para el mundo de hoy?, de lo que se ve la rec\u00edproca compenetraci\u00f3n entre Evangelio, familia y el mundo de hoy: del Evangelio la familia saca fuerza y alegr\u00eda, de la familia evangelizada el mundo es a su vez alcanzado por la buena noticia del amor misericordioso del Padre\u201d.<\/p>\n<p style=\"text-align: justify\">A\u00f1adi\u00f3 as\u00ed que \u201cel Papa abri\u00f3 el coraz\u00f3n y nos confi\u00f3 su sue\u00f1o de pastor universal: &#8216;una Iglesia en salida, no autorreferencial, que no pase delante de las heridas, una Iglesia misericordiosa que anuncie el coraz\u00f3n de la revelaci\u00f3n de Dios Amor que es la Misericordia&#8217;\u201d.<\/p>\n<p style=\"text-align: justify\">El cardenal exhort\u00f3 al \u201cprotagonismo activo de todas las comunidades eclesiales y de los responsables pastorales\u201d para que cada experiencia \u201ccircule tambi\u00e9n a trav\u00e9s de los medios de comunicaci\u00f3n\u201d, para que \u201cel designio de Dios sobre la familia se pueda manifestar en el mundo de hoy.<\/p>\n<p style=\"text-align: justify\">El encuentro en Dubl\u00edn cuenta con tres grandes eventos, un congreso de tres d\u00edas, el encuentro de las familias y la misa del s\u00e1bado por la noche.<\/p>\n<p><span class=\"et_bloom_bottom_trigger\"><\/span><\/p>\n<p><a href=\"https:\/\/es.zenit.org\/\" target=\"_blank\" rel=\"nofollow\">Fuente: es.zenit.org<\/a><\/p>\n","protected":false},"excerpt":{"rendered":"<p>(ZENIT \u2013 Ciudad del Vaticano, 30 Mar. 2017).- \u201cEsperamos que s\u00ed, que el Papa venga a Dubl\u00edn, para la Jornada Mundial de las Familias y para celebrar la misa\u201d, indic\u00f3 el cardenal Kevin J. Farrel, prefecto del Dicasterio para los laicos, a lo que el arzobispo de Dubl\u00edn, Diarmuid Martin, a\u00f1adi\u00f3: \u201cNo solo inter\u00e9s pero &hellip; <a href=\"https:\/\/www.biblia.work\/noticias\/carta-del-papa-a-la-jmf-cardenal-farrell-manifestaremos-la-belleza-del-designio-de-dios-sobre-la-familia\/\" class=\"more-link\">Continuar leyendo<span class=\"screen-reader-text\"> \u00abCarta del Papa a la JMF \u2013 Cardenal Farrell: Manifestaremos la belleza del designio de Dios sobre la familia\u00bb<\/span><\/a><\/p>\n","protected":false},"author":1,"featured_media":0,"comment_status":"open","ping_status":"closed","sticky":false,"template":"","format":"standard","meta":{"footnotes":""},"categories":[1],"tags":[],"class_list":["post-13248","post","type-post","status-publish","format-standard","hentry","category-general"],"_links":{"self":[{"href":"https:\/\/www.biblia.work\/noticias\/wp-json\/wp\/v2\/posts\/13248","targetHints":{"allow":["GET"]}}],"collection":[{"href":"https:\/\/www.biblia.work\/noticias\/wp-json\/wp\/v2\/posts"}],"about":[{"href":"https:\/\/www.biblia.work\/noticias\/wp-json\/wp\/v2\/types\/post"}],"author":[{"embeddable":true,"href":"https:\/\/www.biblia.work\/noticias\/wp-json\/wp\/v2\/users\/1"}],"replies":[{"embeddable":true,"href":"https:\/\/www.biblia.work\/noticias\/wp-json\/wp\/v2\/comments?post=13248"}],"version-history":[{"count":0,"href":"https:\/\/www.biblia.work\/noticias\/wp-json\/wp\/v2\/posts\/13248\/revisions"}],"wp:attachment":[{"href":"https:\/\/www.biblia.work\/noticias\/wp-json\/wp\/v2\/media?parent=13248"}],"wp:term":[{"taxonomy":"category","embeddable":true,"href":"https:\/\/www.biblia.work\/noticias\/wp-json\/wp\/v2\/categories?post=13248"},{"taxonomy":"post_tag","embeddable":true,"href":"https:\/\/www.biblia.work\/noticias\/wp-json\/wp\/v2\/tags?post=13248"}],"curies":[{"name":"wp","href":"https:\/\/api.w.org\/{rel}","templated":true}]}}