{"id":13257,"date":"2017-03-30T10:05:03","date_gmt":"2017-03-30T15:05:03","guid":{"rendered":"http:\/\/www.biblia.work\/noticias\/tv-publica-debe-representar-a-catolicos-reclaman-tras-polemica-por-emision-de-misa\/"},"modified":"2017-03-30T10:05:03","modified_gmt":"2017-03-30T15:05:03","slug":"tv-publica-debe-representar-a-catolicos-reclaman-tras-polemica-por-emision-de-misa","status":"publish","type":"post","link":"https:\/\/www.biblia.work\/noticias\/tv-publica-debe-representar-a-catolicos-reclaman-tras-polemica-por-emision-de-misa\/","title":{"rendered":"Tv p\u00fablica debe representar a cat\u00f3licos, reclaman tras pol\u00e9mica por emisi\u00f3n de Misa"},"content":{"rendered":"<p> MADRID, 30 Mar. 17 (ACI).-<br \/>\n\tEl P. Javier Valiente, subdirector del programa &ldquo;El d&iacute;a del Se&ntilde;or&rdquo;, en el que se emite la Santa Misa en la cadena p&uacute;blica espa&ntilde;ola La 2, explic&oacute; a ACI Prensa la importancia de la programaci&oacute;n religiosa en una televisi&oacute;n que &ldquo;pagamos todos, tambi&eacute;n los cat&oacute;licos&rdquo;.<\/p>\n<p style=\"text-align: justify\">\n\tPodemos, partido de izquierda, pidi&oacute; en el Congreso de los Diputados eliminar la retransmisi&oacute;n de la Santa Misa del segundo canal de la televisi&oacute;n p&uacute;blica espa&ntilde;ola llamado La 2, que se realiza desde hace d&eacute;cadas los domingos.<\/p>\n<p style=\"text-align: justify\">\n\tDesde entonces, la sociedad espa&ntilde;ola se moviliz&oacute; para mostrar el rechazo a esta petici&oacute;n, consiguiendo que la emisi&oacute;n de la Santa Misa en La 2 haya alcanzado los mejores valores de emisi&oacute;n en sus 30 a&ntilde;os de historia.<\/p>\n<p style=\"text-align: justify\">\n\tEl primer domingo despu&eacute;s de la petici&oacute;n de Podemos, la Santa Misa fue seguida por 1,2 millones de personas, batiendo un r&eacute;cord hist&oacute;rico.<\/p>\n<p style=\"text-align: justify\">\n\tEl domingo 19 de marzo, tuvo casi un mill&oacute;n de espectadores y el pasado 26 de marzo por unos 800 mil. Hasta entonces, la media de televidentes de la Santa Misa rondaba las 350 mil personas.<\/p>\n<p style=\"text-align: justify\">\n\tEl P. Javier Valiente, sacerdote salesiano y subdirector del programa &ldquo;El d&iacute;a del Se&ntilde;or&rdquo; de La 2, dentro del que se emite la Santa Misa, asegur&oacute; en una entrevista concedida a ACI Prensa que &ldquo;esta pol&eacute;mica ha servido para explicar el sentido de servicio de la televisi&oacute;n p&uacute;blica, en donde tiene que estar representada toda la sociedad&rdquo;.<\/p>\n<p style=\"text-align: justify\">\n\tTambi&eacute;n para &ldquo;recordar los derechos que tenemos los creyentes, en este caso los cat&oacute;licos, para tener espacios en una televisi&oacute;n p&uacute;blica que tambi&eacute;n pagamos nosotros&rdquo;.<\/p>\n<p style=\"text-align: justify\">\n\tEstado aconfesional pero ciudadanos con fe<\/p>\n<p style=\"text-align: justify\">\n\tEl secretario general de Podemos, Pablo Iglesias, explicaba ante los Diputados en su petici&oacute;n de retirada de la Misa que &ldquo;los medios de comunicaci&oacute;n p&uacute;blica no son un espacio para que se lleven a cabo ritos religiosos de cualquier tipo&rdquo; porque &ldquo;Espa&ntilde;a es un pa&iacute;s aconfesional&rdquo;.<\/p>\n<p style=\"text-align: justify\">\n\tSin embargo, el director de &ldquo;El d&iacute;a del Se&ntilde;or&rdquo;, afirm&oacute; que &ldquo;ciertamente el Estado espa&ntilde;ol es aconfesional pero la sociedad y las personas que viven en &eacute;l no. Los ciudadanos tienen religi&oacute;n y profesan una confesi&oacute;n religiosa, una fe. Ah&iacute; se inserta la importancia del servicio p&uacute;blico que presta televisi&oacute;n espa&ntilde;ola al tener programaci&oacute;n religiosa, para quien quiera verlo&rdquo;.<\/p>\n<p style=\"text-align: justify\">\n\t&ldquo;Es un servicio para quien no puede participar en este hecho religioso porque son mayores o est&aacute;n enfermos y no por estar impedidos son menos ciudadanos o tienen menos derechos que los dem&aacute;s&rdquo;, asegur&oacute; el sacerdote salesiano e insisti&oacute; que &ldquo;no es solo ver la Misa, sino participar en ella y mantenerse unido a la comunidad&rdquo;.<\/p>\n<p style=\"text-align: justify\">\n\tAdem&aacute;s subray&oacute; a ACI Prensa que la programaci&oacute;n religiosa en la televisi&oacute;n p&uacute;blica es algo que se da en los dem&aacute;s pa&iacute;ses europeos.<\/p>\n<p style=\"text-align: justify\">\n\t&ldquo;No es que Espa&ntilde;a sea la &uacute;nica con programaci&oacute;n religiosa, si la quit&aacute;ramos ser&iacute;amos los &uacute;nicos. Pa&iacute;ses igual de aconfesionales y democr&aacute;ticos que Espa&ntilde;a tienen espacios religiosos en sus televisiones. Est&aacute; en muchos pa&iacute;ses y no es una anomal&iacute;a o algo que venga del pasado&rdquo;.<\/p>\n<p style=\"text-align: justify\">\n\tDe eliminarse, tal y como propone Podemos, el P. Valiente asegur&oacute; que &ldquo;se privar&iacute;a a muchas personas de poder participar en un momento fundamental de la vida de fe de las personas&rdquo; y tambi&eacute;n &ldquo;se romper&iacute;a una realidad presente en la televisi&oacute;n desde hace m&aacute;s de 30 a&ntilde;os y que nunca ha suscitado ninguna pol&eacute;mica ni ha tenido ning&uacute;n problema&rdquo;.<\/p>\n<p style=\"text-align: justify\">\n\tAdem&aacute;s insisti&oacute; en que &ldquo;todas las confesiones religiosas tienen su espacio en la televisi&oacute;n p&uacute;blica, no s&oacute;lo la cat&oacute;lica. Hay un programa para los jud&iacute;os, los musulmanes y los evang&eacute;licos&rdquo; porque &ldquo;las televisiones p&uacute;blicas tienen que dar respuesta a todas las necesidades y expectativas de los espectadores y uno de esos &aacute;mbitos es el religioso&rdquo;. &nbsp;<\/p>\n<p style=\"text-align: justify\">\n\t&ldquo;Es un error pensar que los ciudadanos no tienen derecho a expresar sus creencias en la esfera p&uacute;blica, porque si no fuera as&iacute;, acabar&iacute;amos con la libertad religiosa&rdquo;, apunt&oacute;.<\/p>\n<p style=\"text-align: justify\">\n\tPrograma estrella<\/p>\n<p style=\"text-align: justify\">\n\tEl P. Valiente no sabe si este crecimiento de espectadores de las &uacute;ltimas semanas se mantendr&aacute; en el tiempo, pero s&iacute; est&aacute; convencido &ndash;y los datos lo avalan- de que la programaci&oacute;n religiosa en La 2 cosecha unos &iacute;ndices de audiencia excelentes desde hace a&ntilde;os.<\/p>\n<p style=\"text-align: justify\">\n\tSeg&uacute;n informa el sacerdote, hasta ahora La 2 ten&iacute;a una media de espectadores del 2,5 o 3% de cuota de espectadores, &ldquo;mientras que &ldquo;El d&iacute;a del Se&ntilde;or&rdquo; y la Santa Misa rondan el 7%, es decir, unas 350 mil personas de media, seg&uacute;n el sistema de medici&oacute;n que se usa en Espa&ntilde;a&rdquo;.<\/p>\n<p style=\"text-align: justify\">\n\tEl sacerdote explica que el 7% de espectadores que alcanza la Santa Misa desde hace a&ntilde;os, la convierte en &ldquo;la emisi&oacute;n m&aacute;s seguida en toda la televisi&oacute;n espa&ntilde;ola en su franja horaria&rdquo;, que es entre las 10 y las 12 de la ma&ntilde;ana del domingo.<\/p>\n<p style=\"text-align: justify\">\n\tEn ese sentido el subdirector de &ldquo;El d&iacute;a del Se&ntilde;or&rdquo; explic&oacute; que la pol&eacute;mica tambi&eacute;n ha valido para que muchos conozcan que existe la emisi&oacute;n de la Misa en la televisi&oacute;n porque &ldquo;nunca se ha hecho promoci&oacute;n de estos programas&rdquo;.<\/p>\n<p style=\"text-align: justify\">\n\tTambi&eacute;n te puede interesar:&nbsp;<\/p>\n<p style=\"text-align: justify\">\n\t\tCardenal Bl&aacute;zquez: Sacar la Misa de la tv p&uacute;blica es un &ldquo;recurso pol&iacute;tico poco serio&rdquo; https:\/\/t.co\/LgcnwmauyB<\/p>\n<p>\t&mdash; ACI Prensa (@aciprensa) 16 de marzo de 2017<\/p>\n","protected":false},"excerpt":{"rendered":"<p>MADRID, 30 Mar. 17 (ACI).- El P. Javier Valiente, subdirector del programa &ldquo;El d&iacute;a del Se&ntilde;or&rdquo;, en el que se emite la Santa Misa en la cadena p&uacute;blica espa&ntilde;ola La 2, explic&oacute; a ACI Prensa la importancia de la programaci&oacute;n religiosa en una televisi&oacute;n que &ldquo;pagamos todos, tambi&eacute;n los cat&oacute;licos&rdquo;. Podemos, partido de izquierda, pidi&oacute; &hellip; <a href=\"https:\/\/www.biblia.work\/noticias\/tv-publica-debe-representar-a-catolicos-reclaman-tras-polemica-por-emision-de-misa\/\" class=\"more-link\">Continuar leyendo<span class=\"screen-reader-text\"> \u00abTv p\u00fablica debe representar a cat\u00f3licos, reclaman tras pol\u00e9mica por emisi\u00f3n de Misa\u00bb<\/span><\/a><\/p>\n","protected":false},"author":1,"featured_media":0,"comment_status":"open","ping_status":"closed","sticky":false,"template":"","format":"standard","meta":{"footnotes":""},"categories":[1],"tags":[],"class_list":["post-13257","post","type-post","status-publish","format-standard","hentry","category-general"],"_links":{"self":[{"href":"https:\/\/www.biblia.work\/noticias\/wp-json\/wp\/v2\/posts\/13257","targetHints":{"allow":["GET"]}}],"collection":[{"href":"https:\/\/www.biblia.work\/noticias\/wp-json\/wp\/v2\/posts"}],"about":[{"href":"https:\/\/www.biblia.work\/noticias\/wp-json\/wp\/v2\/types\/post"}],"author":[{"embeddable":true,"href":"https:\/\/www.biblia.work\/noticias\/wp-json\/wp\/v2\/users\/1"}],"replies":[{"embeddable":true,"href":"https:\/\/www.biblia.work\/noticias\/wp-json\/wp\/v2\/comments?post=13257"}],"version-history":[{"count":0,"href":"https:\/\/www.biblia.work\/noticias\/wp-json\/wp\/v2\/posts\/13257\/revisions"}],"wp:attachment":[{"href":"https:\/\/www.biblia.work\/noticias\/wp-json\/wp\/v2\/media?parent=13257"}],"wp:term":[{"taxonomy":"category","embeddable":true,"href":"https:\/\/www.biblia.work\/noticias\/wp-json\/wp\/v2\/categories?post=13257"},{"taxonomy":"post_tag","embeddable":true,"href":"https:\/\/www.biblia.work\/noticias\/wp-json\/wp\/v2\/tags?post=13257"}],"curies":[{"name":"wp","href":"https:\/\/api.w.org\/{rel}","templated":true}]}}