{"id":13258,"date":"2017-03-30T10:10:02","date_gmt":"2017-03-30T15:10:02","guid":{"rendered":"http:\/\/www.biblia.work\/noticias\/evangelicos-ganan-mas-almas-que-la-iglesia-catolica-en-carceles-de-panama\/"},"modified":"2017-03-30T10:10:02","modified_gmt":"2017-03-30T15:10:02","slug":"evangelicos-ganan-mas-almas-que-la-iglesia-catolica-en-carceles-de-panama","status":"publish","type":"post","link":"https:\/\/www.biblia.work\/noticias\/evangelicos-ganan-mas-almas-que-la-iglesia-catolica-en-carceles-de-panama\/","title":{"rendered":"Evang\u00e9licos ganan m\u00e1s almas que la Iglesia cat\u00f3lica en c\u00e1rceles de Panam\u00e1"},"content":{"rendered":"<p style=\"text-align: justify\">PANAM\u00c1.- Los evang\u00e9licos est\u00e1n captando m\u00e1s almas que la Iglesia cat\u00f3lica en las c\u00e1rceles de Panam\u00e1. La raz\u00f3n es sencilla: la presencia de pastores en el penal es constante y la de los sacerdotes, espor\u00e1dica o simplemente no existe.<\/p>\n<p style=\"text-align: justify\">Esa situaci\u00f3n contrasta con la labor del obispo R\u00f3mulo Emiliani, quien destac\u00f3 que en sus 40 a\u00f1os de vida sacerdotal se ha \u201cmetido a fondo en la vida de las c\u00e1rceles en Costa Rica, Panam\u00e1 y Honduras, justamente buscando esa rehabilitaci\u00f3n y conversi\u00f3n\u201d,<\/p>\n<p style=\"text-align: justify\">Cr\u00edtica logr\u00f3 conocer la inquietud del empresario presidente de NEXtv, Riccardo Francolini, detenido injustamente por un pr\u00e9stamo para construir el centro de convenciones de Amador, el cual fue pagado y con el que la Caja de Ahorros gan\u00f3 intereses por $1 mill\u00f3n.<\/p>\n<p style=\"text-align: justify\">Francolini envi\u00f3 una carta al arzobispo Jos\u00e9 Domingo Ulloa, en la que expresaba que como cat\u00f3lico le preocupaba la falta de apoyo espiritual de la Iglesia para los detenidos en El Renacer, en contraste con pastores evang\u00e9licos que abren su coraz\u00f3n a los reclusos, entre ellos, el ap\u00f3stol Manuel A. Ruiz, de quien dijo estar\u00e1 eternamente agradecido.<\/p>\n<p style=\"text-align: justify\">\u00bfD\u00f3nde est\u00e1 mi Iglesia cat\u00f3lica?, \u00bfD\u00f3nde est\u00e1 monse\u00f1or Ulloa?, \u00bfD\u00f3nde est\u00e1 la pasi\u00f3n por evangelizar de los sacerdotes? \u00bfPor qu\u00e9 se tiene que suplicar apoyo espiritual?, preguntaba Francolini en su carta el arzobispo.<\/p>\n<p style=\"text-align: justify\">Si esto pasa con nosotros que somos presos pol\u00edticos, c\u00f3mo queremos que otros hermanos que han cometido alg\u00fan error en sus vidas se regeneren y salgan renovados a dar sustento a sus familias. \u00a1Qu\u00e9 iron\u00eda\u2026 y esta penitenciaria se llama El Renacer!, exclam\u00f3 Francolini.<\/p>\n<p style=\"text-align: justify\">Ulloa respondi\u00f3 y prometi\u00f3 hablar con el capell\u00e1n. Dijo que ten\u00eda a Francolini en sus oraciones y prometi\u00f3 visitarlo despu\u00e9s de Semana Santa, porque viajar\u00eda a Roma.<\/p>\n<p style=\"text-align: justify\">Lo cierto es que el 95% de los reclusos de El Renacer son ahora evang\u00e9licos, porque la Iglesia cat\u00f3lica est\u00e1 relegada.<\/p>\n<p style=\"text-align: justify\">La entrada <a rel=\"nofollow\" href=\"http:\/\/www.noticiacristiana.com\/misiones\/evangelismo\/2017\/03\/evangelicos-ganan-almas-carceles.html\">Evang\u00e9licos ganan m\u00e1s almas que la Iglesia cat\u00f3lica en c\u00e1rceles de Panam\u00e1<\/a> aparece primero en <a rel=\"nofollow\" href=\"http:\/\/www.noticiacristiana.com\">NoticiaCristiana.com<\/a>.<\/p>\n","protected":false},"excerpt":{"rendered":"<p>PANAM\u00c1.- Los evang\u00e9licos est\u00e1n captando m\u00e1s almas que la Iglesia cat\u00f3lica en las c\u00e1rceles de Panam\u00e1. La raz\u00f3n es sencilla: la presencia de pastores en el penal es constante y la de los sacerdotes, espor\u00e1dica o simplemente no existe. Esa situaci\u00f3n contrasta con la labor del obispo R\u00f3mulo Emiliani, quien destac\u00f3 que en sus 40 &hellip; <a href=\"https:\/\/www.biblia.work\/noticias\/evangelicos-ganan-mas-almas-que-la-iglesia-catolica-en-carceles-de-panama\/\" class=\"more-link\">Continuar leyendo<span class=\"screen-reader-text\"> \u00abEvang\u00e9licos ganan m\u00e1s almas que la Iglesia cat\u00f3lica en c\u00e1rceles de Panam\u00e1\u00bb<\/span><\/a><\/p>\n","protected":false},"author":1,"featured_media":0,"comment_status":"open","ping_status":"closed","sticky":false,"template":"","format":"standard","meta":{"footnotes":""},"categories":[1],"tags":[],"class_list":["post-13258","post","type-post","status-publish","format-standard","hentry","category-general"],"_links":{"self":[{"href":"https:\/\/www.biblia.work\/noticias\/wp-json\/wp\/v2\/posts\/13258","targetHints":{"allow":["GET"]}}],"collection":[{"href":"https:\/\/www.biblia.work\/noticias\/wp-json\/wp\/v2\/posts"}],"about":[{"href":"https:\/\/www.biblia.work\/noticias\/wp-json\/wp\/v2\/types\/post"}],"author":[{"embeddable":true,"href":"https:\/\/www.biblia.work\/noticias\/wp-json\/wp\/v2\/users\/1"}],"replies":[{"embeddable":true,"href":"https:\/\/www.biblia.work\/noticias\/wp-json\/wp\/v2\/comments?post=13258"}],"version-history":[{"count":0,"href":"https:\/\/www.biblia.work\/noticias\/wp-json\/wp\/v2\/posts\/13258\/revisions"}],"wp:attachment":[{"href":"https:\/\/www.biblia.work\/noticias\/wp-json\/wp\/v2\/media?parent=13258"}],"wp:term":[{"taxonomy":"category","embeddable":true,"href":"https:\/\/www.biblia.work\/noticias\/wp-json\/wp\/v2\/categories?post=13258"},{"taxonomy":"post_tag","embeddable":true,"href":"https:\/\/www.biblia.work\/noticias\/wp-json\/wp\/v2\/tags?post=13258"}],"curies":[{"name":"wp","href":"https:\/\/api.w.org\/{rel}","templated":true}]}}