{"id":13261,"date":"2017-03-30T11:15:02","date_gmt":"2017-03-30T16:15:02","guid":{"rendered":"http:\/\/www.biblia.work\/noticias\/el-obolo-de-san-pedro-llega-a-las-redes-sociales\/"},"modified":"2017-03-30T11:15:02","modified_gmt":"2017-03-30T16:15:02","slug":"el-obolo-de-san-pedro-llega-a-las-redes-sociales","status":"publish","type":"post","link":"https:\/\/www.biblia.work\/noticias\/el-obolo-de-san-pedro-llega-a-las-redes-sociales\/","title":{"rendered":"El \u00f3bolo de San Pedro llega a las redes sociales"},"content":{"rendered":"<p style=\"text-align: justify\">(ZENIT &#8211; Ciudad del Vaticano).- El \u00d3bolo de San Pedro entra en las Redes Sociales y abriendo sus cuentas en Twitter e Instagram. Lo indic\u00f3 este jueves en un comunicado la Secretar\u00eda de Estado Vaticano, explicando que el objetivo es \u201cdialogar con quien quiere ayudar a los m\u00e1s necesitados y dar a conocer tanto las obras de caridad que se realizan gracias a la solidaridad de los fieles de todo el mundo: religiosos, laicos, empresas, entes o fundaciones, como tambi\u00e9n de las instituciones que colaboran estrechamente con el Papa en el ejercicio de su misi\u00f3n\u201d.<\/p>\n<p style=\"text-align: justify\">Desde el mes de noviembre pasado el \u00f3bolo est\u00e1 en la web www.obolodisanpietro.va, en italiano, espa\u00f1ol e ingl\u00e9s. All\u00ed se explica c\u00f3mo realizar las donaciones, a qu\u00e9 proyectos ser\u00e1n destinadas, as\u00ed como la historia de esta antigua instituci\u00f3n.<\/p>\n<p style=\"text-align: justify\">EnTwitter, el \u00d3bolo de San Pedro est\u00e1 presente con tres cuentas distintas seg\u00fan la lengua: italiana, inglesa y espa\u00f1ola, mientras que en Instagram la cuenta es \u00fanica.<\/p>\n<p style=\"text-align: justify\">En ambas plataformas se comparten cada d\u00eda los mensajes del Pont\u00edfice publicados en la p\u00e1gina oficial del \u00d3bolo, junto a im\u00e1genes, pensamientos y reflexiones sobre las obras de caridad puestas en marcha por la Santa Sede a trav\u00e9s de esta hist\u00f3rica iniciativa de caridad cristiana.<\/p>\n<p style=\"text-align: justify\">Su primer &#8220;tuit&#8221; fue la frase de Francisco &#8220;Qu\u00e9 hermoso si cada noche, cada uno de nosotros, pudi\u00e9semos decir: hoy he realizado un gesto de amor hacia los otros&#8221;.<\/p>\n<p style=\"text-align: justify\">En otro de los &#8216;tuit&#8217; publicados para inaugurar la apertura de la cuenta se lee &#8220;la misericordia es moverse al un\u00edsono, y salir al encuentro de las necesidades de los que carecen de todo&#8221;.<\/p>\n<p style=\"text-align: justify\">Este es el esp\u00edritu que mueve al \u00d3bolo de San Pedro a sostener peque\u00f1os y grandes proyectos en todo el mundo, como la creaci\u00f3n de un hospital pedi\u00e1trico en Bangui, Centro\u00e1frica, la colecta pedida por el Papa para aliviar el dolor del pueblo ucraniano y el respaldo a la primera universidad cat\u00f3lica en tierra jordana.<\/p>\n<p style=\"text-align: justify\">Nacidas por voluntad de la Santa Sede y como fruto de la estrecha colaboraci\u00f3n entre la Secretar\u00eda de Estado, la Secretar\u00eda para la Comunicaci\u00f3n y la Gobernaci\u00f3n del Estado de la Ciudad del Vaticano, las tres cuentas de Twitter \u00abObolo di San Pietro: @obolus_it\u00bb; \u00abObolo de San Pedro: @obolus_es\u00bb; \u00abPeter\u2019s Pence: @obolus_en\u00bb y la de Instagram \u00abObolus: obolus_va\u00bb, est\u00e1n ya prontas para recibir como follower a los cat\u00f3licos de todo el mundo movidos por un id\u00e9ntico prop\u00f3sito de misericordia: #movingMercy.<\/p>\n<p><span class=\"et_bloom_bottom_trigger\"><\/span><\/p>\n<p><a href=\"https:\/\/es.zenit.org\/\" target=\"_blank\" rel=\"nofollow\">Fuente: es.zenit.org<\/a><\/p>\n","protected":false},"excerpt":{"rendered":"<p>(ZENIT &#8211; Ciudad del Vaticano).- El \u00d3bolo de San Pedro entra en las Redes Sociales y abriendo sus cuentas en Twitter e Instagram. Lo indic\u00f3 este jueves en un comunicado la Secretar\u00eda de Estado Vaticano, explicando que el objetivo es \u201cdialogar con quien quiere ayudar a los m\u00e1s necesitados y dar a conocer tanto las &hellip; <a href=\"https:\/\/www.biblia.work\/noticias\/el-obolo-de-san-pedro-llega-a-las-redes-sociales\/\" class=\"more-link\">Continuar leyendo<span class=\"screen-reader-text\"> \u00abEl \u00f3bolo de San Pedro llega a las redes sociales\u00bb<\/span><\/a><\/p>\n","protected":false},"author":1,"featured_media":0,"comment_status":"open","ping_status":"closed","sticky":false,"template":"","format":"standard","meta":{"footnotes":""},"categories":[1],"tags":[],"class_list":["post-13261","post","type-post","status-publish","format-standard","hentry","category-general"],"_links":{"self":[{"href":"https:\/\/www.biblia.work\/noticias\/wp-json\/wp\/v2\/posts\/13261","targetHints":{"allow":["GET"]}}],"collection":[{"href":"https:\/\/www.biblia.work\/noticias\/wp-json\/wp\/v2\/posts"}],"about":[{"href":"https:\/\/www.biblia.work\/noticias\/wp-json\/wp\/v2\/types\/post"}],"author":[{"embeddable":true,"href":"https:\/\/www.biblia.work\/noticias\/wp-json\/wp\/v2\/users\/1"}],"replies":[{"embeddable":true,"href":"https:\/\/www.biblia.work\/noticias\/wp-json\/wp\/v2\/comments?post=13261"}],"version-history":[{"count":0,"href":"https:\/\/www.biblia.work\/noticias\/wp-json\/wp\/v2\/posts\/13261\/revisions"}],"wp:attachment":[{"href":"https:\/\/www.biblia.work\/noticias\/wp-json\/wp\/v2\/media?parent=13261"}],"wp:term":[{"taxonomy":"category","embeddable":true,"href":"https:\/\/www.biblia.work\/noticias\/wp-json\/wp\/v2\/categories?post=13261"},{"taxonomy":"post_tag","embeddable":true,"href":"https:\/\/www.biblia.work\/noticias\/wp-json\/wp\/v2\/tags?post=13261"}],"curies":[{"name":"wp","href":"https:\/\/api.w.org\/{rel}","templated":true}]}}