{"id":13263,"date":"2017-03-30T12:15:02","date_gmt":"2017-03-30T17:15:02","guid":{"rendered":"http:\/\/www.biblia.work\/noticias\/el-papa-a-los-padres-somascos-fieles-al-carisma-original-en-salida-y-sin-temor-de-cambiar-las-estructuras\/"},"modified":"2017-03-30T12:15:02","modified_gmt":"2017-03-30T17:15:02","slug":"el-papa-a-los-padres-somascos-fieles-al-carisma-original-en-salida-y-sin-temor-de-cambiar-las-estructuras","status":"publish","type":"post","link":"https:\/\/www.biblia.work\/noticias\/el-papa-a-los-padres-somascos-fieles-al-carisma-original-en-salida-y-sin-temor-de-cambiar-las-estructuras\/","title":{"rendered":"El Papa a los padres somascos: fieles al carisma original, \u2018en salida\u2019 y sin temor de cambiar las estructuras"},"content":{"rendered":"<p style=\"text-align: justify\">(ZENIT \u2013 Ciudad del Vaticano, 30 Mar. 2017).- El ideal que movi\u00f3 a Girolamo Emiliani, fundador de la familia religiosa de los Somascos, fue &#8220;la reforma de la Iglesia a trav\u00e9s de las obras de caridad&#8221;. Y hoy &#8220;no hay que tener miedo de transformar\u00a0las estructuras cuando sea \u00fatil para un servicio m\u00e1s evang\u00e9lico y en consonancia con el carisma original\u201d. Porque \u201clas estructuras da en algunos casos una falsa protecci\u00f3n y obstaculizan el dinamismo de la caridad y del servicio al Reino de Dios\u201d.<\/p>\n<p style=\"text-align: justify\">Lo record\u00f3 este jueves el Papa Francisco a los participantes en el 138\u00ba Cap\u00edtulo General de\u00a0 la Orden de los Cl\u00e9rigos Regulares de la Somasca, en curso en Albano Laziale (Roma) del 14 de marzo al 1 de abril de \u00a02017, y cuyo tema es \u00a0&#8220;Pasemos a la otra orilla junto con nuestros hermanos con los que queremos vivir y morir\u201d.<\/p>\n<p style=\"text-align: justify\">Nacida en 1568 a partir de la &#8220;Compa\u00f1\u00eda de los Siervos de los Pobres&#8221;,seg\u00fan la regla inspirada en la figura de su fundador, San Jer\u00f3nimo Emiliani,\u00a0progresivamente tom\u00f3 forma la congregaci\u00f3n que se llamar\u00eda posteriormente \u00abde Somasca\u00bb por la localidad donde se estableci\u00f3 su sede.<\/p>\n<p style=\"text-align: justify\">Los inst\u00f3 as\u00ed a \u201ca permanecer fieles a la inspiraci\u00f3n originaria y a ponerse &#8216;en salida&#8217; para ir hacia la humanidad herida y descartada, con elecciones evang\u00e9licamente eficaces que nacen de la capacidad de mirar el mundo con los ojos de Cristo&#8221;.<\/p>\n<p style=\"text-align: justify\">Les record\u00f3 que el proyecto de su fundador era el de reformarse primero a s\u00ed mismo en la fidelidad al Evangelio, despu\u00e9s a la comunidad cristiana y a la sociedad civil, que no pueden ignorar a los peque\u00f1os y a los marginados, sino socorrerlos y promover su desarrollo humano integral&#8221;.<\/p>\n<p style=\"text-align: justify\">Y se\u00f1al\u00f3 que tambi\u00e9n \u201choy existen nuevos \u2018medio-hu\u00e9rfanos\u2019: j\u00f3venes y ni\u00f1os que vienen solos a nuestras tierras y tienen necesidad de parternidad y maternidad\u201d dijo el Santo Padre refiri\u00e9ndose a quienes vienen solos las embarcaciones, porque \u201cesta es tambi\u00e9n es vuestra tarea\u201d.<\/p>\n<p style=\"text-align: justify\">Les anim\u00f3 por ello \u201ca prestar atenci\u00f3n a las diferentes formas de marginalidad en las periferias geogr\u00e1ficas y existenciales\u201d. A \u201cno tener miedo de &#8216;dejar los odres viejos&#8217;, afrontando la transformaci\u00f3n de las estructuras cuando sea \u00fatil para un servicio m\u00e1s evang\u00e9lico y en consonancia con el carisma original\u201d. Porque \u201clas estructuras da en algunos casos una falsa protecci\u00f3n y obstaculizan el dinamismo de la caridad y del servicio al Reino de Dios\u201d.<\/p>\n<p style=\"text-align: justify\">El Pont\u00edfice alent\u00f3 adem\u00e1s el trabajo de formaci\u00f3n de catequistas realizado por ellos, defini\u00e9ndolo \u201cun servicio muy valioso a las Iglesias locales, en comuni\u00f3n con los pastores y en uni\u00f3n con toda la Iglesia\u201d.<\/p>\n<p style=\"text-align: justify\">\u201cTambi\u00e9n el di\u00e1logo ecum\u00e9nico necesita de vuestro aporte\u201d, dijo el Papa, porque \u201cel camino de la unidad es largo y necesita de la escucha paciente de lo que el Esp\u00edritu Santo dice a las Iglesias en particular a las comunidades eclesiales en Asia y \u00c1frica, en las cuales ustedes obran con ardor apost\u00f3lico\u201d.<\/p>\n<p style=\"text-align: justify\">Prosigan y desarrollen la obra inspirada por Dios a San Jer\u00f3nimo Emiliani, dijo, \u201cpatrono universal de los hu\u00e9rfanos y de la juventud abandonada\u201d, dese\u00e1ndoles \u201cque un renovado ardor misionero los empuje a dedicarse al servicio del Reino de Dios a trav\u00e9s de la educaci\u00f3n de los j\u00f3venes\u201d.<\/p>\n<p style=\"text-align: justify\">Y concluy\u00f3, antes de impartirles la bendici\u00f3n apost\u00f3lica, invit\u00e1ndolos a &#8220;proseguir con vuestro camino de secuela y celo apost\u00f3lico, rico en numerosas obras y siempre abierto a nuevas expresiones, de acuerdo con las necesidades m\u00e1s urgentes de la Iglesia y de la sociedad en diferentes momentos y lugares\u201d.<\/p>\n<p><span class=\"et_bloom_bottom_trigger\"><\/span><\/p>\n<p><a href=\"https:\/\/es.zenit.org\/\" target=\"_blank\" rel=\"nofollow\">Fuente: es.zenit.org<\/a><\/p>\n","protected":false},"excerpt":{"rendered":"<p>(ZENIT \u2013 Ciudad del Vaticano, 30 Mar. 2017).- El ideal que movi\u00f3 a Girolamo Emiliani, fundador de la familia religiosa de los Somascos, fue &#8220;la reforma de la Iglesia a trav\u00e9s de las obras de caridad&#8221;. Y hoy &#8220;no hay que tener miedo de transformar\u00a0las estructuras cuando sea \u00fatil para un servicio m\u00e1s evang\u00e9lico y &hellip; <a href=\"https:\/\/www.biblia.work\/noticias\/el-papa-a-los-padres-somascos-fieles-al-carisma-original-en-salida-y-sin-temor-de-cambiar-las-estructuras\/\" class=\"more-link\">Continuar leyendo<span class=\"screen-reader-text\"> \u00abEl Papa a los padres somascos: fieles al carisma original, \u2018en salida\u2019 y sin temor de cambiar las estructuras\u00bb<\/span><\/a><\/p>\n","protected":false},"author":1,"featured_media":0,"comment_status":"open","ping_status":"closed","sticky":false,"template":"","format":"standard","meta":{"footnotes":""},"categories":[1],"tags":[],"class_list":["post-13263","post","type-post","status-publish","format-standard","hentry","category-general"],"_links":{"self":[{"href":"https:\/\/www.biblia.work\/noticias\/wp-json\/wp\/v2\/posts\/13263","targetHints":{"allow":["GET"]}}],"collection":[{"href":"https:\/\/www.biblia.work\/noticias\/wp-json\/wp\/v2\/posts"}],"about":[{"href":"https:\/\/www.biblia.work\/noticias\/wp-json\/wp\/v2\/types\/post"}],"author":[{"embeddable":true,"href":"https:\/\/www.biblia.work\/noticias\/wp-json\/wp\/v2\/users\/1"}],"replies":[{"embeddable":true,"href":"https:\/\/www.biblia.work\/noticias\/wp-json\/wp\/v2\/comments?post=13263"}],"version-history":[{"count":0,"href":"https:\/\/www.biblia.work\/noticias\/wp-json\/wp\/v2\/posts\/13263\/revisions"}],"wp:attachment":[{"href":"https:\/\/www.biblia.work\/noticias\/wp-json\/wp\/v2\/media?parent=13263"}],"wp:term":[{"taxonomy":"category","embeddable":true,"href":"https:\/\/www.biblia.work\/noticias\/wp-json\/wp\/v2\/categories?post=13263"},{"taxonomy":"post_tag","embeddable":true,"href":"https:\/\/www.biblia.work\/noticias\/wp-json\/wp\/v2\/tags?post=13263"}],"curies":[{"name":"wp","href":"https:\/\/api.w.org\/{rel}","templated":true}]}}