{"id":13269,"date":"2017-03-30T13:15:02","date_gmt":"2017-03-30T18:15:02","guid":{"rendered":"http:\/\/www.biblia.work\/noticias\/el-vaticano-nunca-ha-indicado-un-viaje-del-papa-a-argentina-para-el-2018\/"},"modified":"2017-03-30T13:15:02","modified_gmt":"2017-03-30T18:15:02","slug":"el-vaticano-nunca-ha-indicado-un-viaje-del-papa-a-argentina-para-el-2018","status":"publish","type":"post","link":"https:\/\/www.biblia.work\/noticias\/el-vaticano-nunca-ha-indicado-un-viaje-del-papa-a-argentina-para-el-2018\/","title":{"rendered":"El Vaticano nunca ha indicado un viaje del Papa a Argentina para el 2018"},"content":{"rendered":"<p style=\"text-align: justify\">(ZENIT \u2013 Ciudad del Vaticano \u2013 Mar. 2017).- &#8220;Desmiento rotundamente. Tanto el supuesto viaje como los comentarios referentes a la seguridad, que no tienen fundamento alguno&#8221;. Estas fueron las palabras del director de la Sala de Prensa del Vaticano y portavoz papal\u00a0Greg Burke, reportadas este jueves por la agencia T\u00e9lam, sobre algunas versiones period\u00edsticas en el pa\u00eds platense.<\/p>\n<p style=\"text-align: justify\">\u201cBurke respondi\u00f3 as\u00ed a las versiones period\u00edsticas sobre un viaje de\u00a0Jorge Bergoglio\u00a0a la Argentina para inicios del a\u00f1o pr\u00f3ximo y a la supuesta existencia de un dossier vaticano sobre la peligrosidad de una posible visita del Pont\u00edfice a su tierra natal\u201d, indica T\u00e9lam.<\/p>\n<p style=\"text-align: justify\">Este a\u00f1o est\u00e1n confirmados los viajes a Egipto del 28 y al 29 de abril; al santuario de F\u00e1tima en Portugal, el 12 y 13 de mayo; y a Colombia del 6 al 11 de septiembre.<\/p>\n<p><span class=\"et_bloom_bottom_trigger\"><\/span><\/p>\n<p><a href=\"https:\/\/es.zenit.org\/\" target=\"_blank\" rel=\"nofollow\">Fuente: es.zenit.org<\/a><\/p>\n","protected":false},"excerpt":{"rendered":"<p>(ZENIT \u2013 Ciudad del Vaticano \u2013 Mar. 2017).- &#8220;Desmiento rotundamente. Tanto el supuesto viaje como los comentarios referentes a la seguridad, que no tienen fundamento alguno&#8221;. Estas fueron las palabras del director de la Sala de Prensa del Vaticano y portavoz papal\u00a0Greg Burke, reportadas este jueves por la agencia T\u00e9lam, sobre algunas versiones period\u00edsticas en &hellip; <a href=\"https:\/\/www.biblia.work\/noticias\/el-vaticano-nunca-ha-indicado-un-viaje-del-papa-a-argentina-para-el-2018\/\" class=\"more-link\">Continuar leyendo<span class=\"screen-reader-text\"> \u00abEl Vaticano nunca ha indicado un viaje del Papa a Argentina para el 2018\u00bb<\/span><\/a><\/p>\n","protected":false},"author":1,"featured_media":0,"comment_status":"open","ping_status":"closed","sticky":false,"template":"","format":"standard","meta":{"footnotes":""},"categories":[1],"tags":[],"class_list":["post-13269","post","type-post","status-publish","format-standard","hentry","category-general"],"_links":{"self":[{"href":"https:\/\/www.biblia.work\/noticias\/wp-json\/wp\/v2\/posts\/13269","targetHints":{"allow":["GET"]}}],"collection":[{"href":"https:\/\/www.biblia.work\/noticias\/wp-json\/wp\/v2\/posts"}],"about":[{"href":"https:\/\/www.biblia.work\/noticias\/wp-json\/wp\/v2\/types\/post"}],"author":[{"embeddable":true,"href":"https:\/\/www.biblia.work\/noticias\/wp-json\/wp\/v2\/users\/1"}],"replies":[{"embeddable":true,"href":"https:\/\/www.biblia.work\/noticias\/wp-json\/wp\/v2\/comments?post=13269"}],"version-history":[{"count":0,"href":"https:\/\/www.biblia.work\/noticias\/wp-json\/wp\/v2\/posts\/13269\/revisions"}],"wp:attachment":[{"href":"https:\/\/www.biblia.work\/noticias\/wp-json\/wp\/v2\/media?parent=13269"}],"wp:term":[{"taxonomy":"category","embeddable":true,"href":"https:\/\/www.biblia.work\/noticias\/wp-json\/wp\/v2\/categories?post=13269"},{"taxonomy":"post_tag","embeddable":true,"href":"https:\/\/www.biblia.work\/noticias\/wp-json\/wp\/v2\/tags?post=13269"}],"curies":[{"name":"wp","href":"https:\/\/api.w.org\/{rel}","templated":true}]}}