{"id":13270,"date":"2017-03-30T13:15:02","date_gmt":"2017-03-30T18:15:02","guid":{"rendered":"http:\/\/www.biblia.work\/noticias\/paraguay-los-obispos-perplejos-ante-propuesta-por-enmienda-de-reeleccion-presidencial\/"},"modified":"2017-03-30T13:15:02","modified_gmt":"2017-03-30T18:15:02","slug":"paraguay-los-obispos-perplejos-ante-propuesta-por-enmienda-de-reeleccion-presidencial","status":"publish","type":"post","link":"https:\/\/www.biblia.work\/noticias\/paraguay-los-obispos-perplejos-ante-propuesta-por-enmienda-de-reeleccion-presidencial\/","title":{"rendered":"Paraguay: los obispos \u2018perplejos\u2019 ante propuesta por enmienda de reelecci\u00f3n presidencial"},"content":{"rendered":"<p style=\"text-align: justify\">(ZENIT \u2013 Ciudad del Vaticano, 31 Mar. 2017).- La Conferencia Episcopal Paraguaya (CEP) manifest\u00f3 su \u201cperplejidad\u201d porque en la C\u00e1mara de Senadores, el gobierno parlamentario estableci\u00f3 un acuerdo con un grupo de oposici\u00f3n para aprobar una enmienda constitucional que permita la reelecci\u00f3n presidencial. Les recuerdan tambi\u00e9n que deben bajo juramento respetar la Constituci\u00f3n y las leyes. Hicieron adem\u00e1s un firme llamado al di\u00e1logo.<\/p>\n<p style=\"text-align: justify\">A continuaci\u00f3n la carta de los obispos:<\/p>\n<p style=\"text-align: justify\">Atentos a los acontecimientos pol\u00edticos sucedidos en la ma\u00f1ana de hoy, martes 28 de marzo de 2017, en la C\u00e1mara de Senadores, los miembros del Consejo Permanente manifestamos:<\/p>\n<ol>\n<li>Perplejidad y preocupaci\u00f3n por la premura y los procedimientos poco transparentes, y de objetables conceptos \u00a0de normas jur\u00eddicas vigentes, utilizados para modificar el Reglamento Interno de la C\u00e1mara de Senadores, de los cuales fuimos testigos a trav\u00e9s de los medios de comunicaci\u00f3n. La Patria requiere del amor al esp\u00edritu de la ley y de la respetuosa interpretaci\u00f3n de sus normas.<\/li>\n<li>Si bien en un cuerpo colegiado las decisiones se adoptan mediante el voto de la mayor\u00eda requerida en cada caso, y que est\u00e1 establecida en los Reglamentos; es imperioso que los legisladores, representantes del pueblo, bajo juramento de respetar y hacer respetar la Constituci\u00f3n y las leyes, sean custodios celosos del orden legal establecido y ajusten estrictamente sus acciones a las normas vigentes.<\/li>\n<li>Que las decisiones adoptadas recientemente, con serias dudas en su legalidad y en su legitimidad, son una muestra de la absoluta falta de consideraci\u00f3n y respeto a la institucionalidad democr\u00e1tica que con tanto esfuerzo y esmero hemos conquistado luego de d\u00e9cadas de dictadura.<\/li>\n<li>Que es urgente recapacitar, serena y responsablemente, sobre lo actuado y orientar los esfuerzos a restituir la confianza en un \u00f3rgano de alto valor para la Rep\u00fablica, el Poder Legislativo, mostrando voluntad firme para lograr los acuerdos en el marco de la legalidad.<\/li>\n<li>Independientemente de la discusi\u00f3n legal, consideramos prudente no insistir en la introducci\u00f3n de la figura de la reelecci\u00f3n presidencial por la v\u00eda de la enmienda constitucional, porque est\u00e1 visto que produce una innecesaria tensi\u00f3n, crispaci\u00f3n y polarizaci\u00f3n social y que, si no se maneja adecuadamente, podr\u00eda traducirse en violencia con impredecibles consecuencias.<\/li>\n<\/ol>\n<p style=\"text-align: justify\">Exhortamos a los se\u00f1ores senadores, y a todos los l\u00edderes pol\u00edticos, que adopten todas las medidas necesarias para pacificar los \u00e1nimos, empezando por el respeto irrestricto al esp\u00edritu y a la letra de la Constituci\u00f3n Nacional; as\u00ed tambi\u00e9n, les animamos a que asuman el compromiso de establecer un di\u00e1logo respetuoso entre todos los sectores para lograr acuerdos, con la misma celeridad que han demostrado, que permitan canalizar energ\u00eda y esfuerzos en programas y proyectos de bien com\u00fan para felicidad de nuestro pueblo.<\/p>\n<p><span class=\"et_bloom_bottom_trigger\"><\/span><\/p>\n<p><a href=\"https:\/\/es.zenit.org\/\" target=\"_blank\" rel=\"nofollow\">Fuente: es.zenit.org<\/a><\/p>\n","protected":false},"excerpt":{"rendered":"<p>(ZENIT \u2013 Ciudad del Vaticano, 31 Mar. 2017).- La Conferencia Episcopal Paraguaya (CEP) manifest\u00f3 su \u201cperplejidad\u201d porque en la C\u00e1mara de Senadores, el gobierno parlamentario estableci\u00f3 un acuerdo con un grupo de oposici\u00f3n para aprobar una enmienda constitucional que permita la reelecci\u00f3n presidencial. Les recuerdan tambi\u00e9n que deben bajo juramento respetar la Constituci\u00f3n y las &hellip; <a href=\"https:\/\/www.biblia.work\/noticias\/paraguay-los-obispos-perplejos-ante-propuesta-por-enmienda-de-reeleccion-presidencial\/\" class=\"more-link\">Continuar leyendo<span class=\"screen-reader-text\"> \u00abParaguay: los obispos \u2018perplejos\u2019 ante propuesta por enmienda de reelecci\u00f3n presidencial\u00bb<\/span><\/a><\/p>\n","protected":false},"author":1,"featured_media":0,"comment_status":"open","ping_status":"closed","sticky":false,"template":"","format":"standard","meta":{"footnotes":""},"categories":[1],"tags":[],"class_list":["post-13270","post","type-post","status-publish","format-standard","hentry","category-general"],"_links":{"self":[{"href":"https:\/\/www.biblia.work\/noticias\/wp-json\/wp\/v2\/posts\/13270","targetHints":{"allow":["GET"]}}],"collection":[{"href":"https:\/\/www.biblia.work\/noticias\/wp-json\/wp\/v2\/posts"}],"about":[{"href":"https:\/\/www.biblia.work\/noticias\/wp-json\/wp\/v2\/types\/post"}],"author":[{"embeddable":true,"href":"https:\/\/www.biblia.work\/noticias\/wp-json\/wp\/v2\/users\/1"}],"replies":[{"embeddable":true,"href":"https:\/\/www.biblia.work\/noticias\/wp-json\/wp\/v2\/comments?post=13270"}],"version-history":[{"count":0,"href":"https:\/\/www.biblia.work\/noticias\/wp-json\/wp\/v2\/posts\/13270\/revisions"}],"wp:attachment":[{"href":"https:\/\/www.biblia.work\/noticias\/wp-json\/wp\/v2\/media?parent=13270"}],"wp:term":[{"taxonomy":"category","embeddable":true,"href":"https:\/\/www.biblia.work\/noticias\/wp-json\/wp\/v2\/categories?post=13270"},{"taxonomy":"post_tag","embeddable":true,"href":"https:\/\/www.biblia.work\/noticias\/wp-json\/wp\/v2\/tags?post=13270"}],"curies":[{"name":"wp","href":"https:\/\/api.w.org\/{rel}","templated":true}]}}