{"id":13278,"date":"2017-03-31T02:15:02","date_gmt":"2017-03-31T07:15:02","guid":{"rendered":"http:\/\/www.biblia.work\/noticias\/el-desafio-de-construir-familias\/"},"modified":"2017-03-31T02:15:02","modified_gmt":"2017-03-31T07:15:02","slug":"el-desafio-de-construir-familias","status":"publish","type":"post","link":"https:\/\/www.biblia.work\/noticias\/el-desafio-de-construir-familias\/","title":{"rendered":"El desaf\u00edo de construir familias"},"content":{"rendered":"<p style=\"text-align: justify\">&nbsp;<\/p>\n<p align=\"JUSTIFY\"><span style=\"font-size: medium\"><b>VER<\/b><\/span><\/p>\n<p align=\"JUSTIFY\"><span style=\"font-size: medium\">Los obispos de Chiapas convocamos a matrimonios de las tres di\u00f3cesis a un encuentro, en Tapachula, para reflexionar sobre la realidad de las familias, meditar lo que expone el Papa Francisco en la Exhortaci\u00f3n <\/span><span style=\"font-size: medium\"><i>La alegr\u00eda del amor, <\/i><\/span><span style=\"font-size: medium\">y hacer algunas propuestas para impulsar la pastoral familiar. En un ambiente muy fraterno, se compartieron diversas situaciones que afectan a los esposos y a los hijos, como alcoholismo, migraci\u00f3n, marginaci\u00f3n de la mujer, machismo, pobreza, influencia negativa de los medios de comunicaci\u00f3n y de las tecnolog\u00edas modernas, etc. Se ampli\u00f3 la mirada a un nivel global, a partir del cap\u00edtulo II de la Exhortaci\u00f3n del Papa. As\u00ed mismo, se sintieron muy iluminados y fortalecidos por el cap\u00edtulo IV, el central del documento, en que se expone qu\u00e9 es amar, seg\u00fan la Palabra de Dios. Se analiz\u00f3 tambi\u00e9n el cap\u00edtulo VIII, para tener caminos seguros sobre c\u00f3mo abordar los casos dif\u00edciles, que cada d\u00eda se multiplican m\u00e1s, como los divorciados vueltos a casar, los que s\u00f3lo conviven sin v\u00ednculos institucionales, las nuevas formas de pareja, etc. Finalmente, se reflexion\u00f3 sobre el cap\u00edtulo IX, la espiritualidad matrimonial y familiar. Se concluy\u00f3 con mucho \u00e1nimo y el compromiso de acompa\u00f1ar m\u00e1s a las familias, para que vivan y gocen su vocaci\u00f3n sagrada.<\/span><\/p>\n<p align=\"JUSTIFY\"><span style=\"font-size: medium\">Por otra parte, las noticias diarias nos hablan de fosas que se encuentran con muchos cad\u00e1veres de personas desaparecidas y desconocidas; asaltos y cr\u00edmenes por todas partes; leyes que destruyen los cimientos de las familias; consumo y trasiego de drogas; terrorismos y guerras, etc. Todo ello nos indica que, o no hay familia donde se pueda vivir en paz y armon\u00eda, donde se eduque a los hijos en valores humanos y sociales, y por ello los j\u00f3venes se afilian a grupos criminales que les dan dinero y cierta identidad; o las familias se dispersan, se deshacen y no se asegura la estabilidad emocional y econ\u00f3mica de los hijos; o familias incompletas, con ausencia de padres que indiquen caminos educativos; o familias que deben emigrar o estar mucho tiempo fuera del hogar por cuestiones de trabajo; o familias que, por las deportaciones de los Estados Unidos, quedan incompletas, abandonadas a su suerte. En s\u00edntesis, las familias est\u00e1n muy expuestas a la fragilidad. Y a esto hay que agregar las telenovelas con tantas escenas er\u00f3ticas, que presentan la infidelidad conyugal como lo m\u00e1s normal, invitando a hacer lo mismo. Ante esta realidad, como Iglesia, no podemos quedarnos en lamentos y cr\u00edticas; debemos ofrecer la luz del Evangelio y alentar una m\u00e1s incisiva pastoral familiar.<\/span><\/p>\n<p align=\"JUSTIFY\"><span style=\"font-size: medium\"><b>PENSAR<\/b><\/span><\/p>\n<p align=\"JUSTIFY\"><span style=\"font-size: medium\">El Papa Francisco ha dicho: <\/span><span style=\"font-size: medium\"><i>\u201c<\/i><\/span><span style=\"color: #000000\"><span style=\"font-size: medium\"><i>La familia atraviesa una crisis cultural profunda, como todas las comunidades y v\u00ednculos sociales. En el caso de la familia, la fragilidad de los v\u00ednculos se vuelve especialmente grave porque se trata de la c\u00e9lula b\u00e1sica de la sociedad, el lugar donde se aprende a convivir en la diferencia y a pertenecer a otros y donde los padres transmiten la fe a sus hijos. El matrimonio tiende a ser visto como una mera forma de gratificaci\u00f3n afectiva que puede constituirse de cualquier manera y modificarse de acuerdo con la sensibilidad de cada uno. Pero el aporte indispensable del matrimonio a la sociedad supera el nivel de la emotividad y el de las necesidades circunstanciales de la pareja. Como ense\u00f1an los Obispos franceses, no procede del sentimiento amoroso, ef\u00edmero por definici\u00f3n, sino de la profundidad del compromiso asumido por los esposos que aceptan entrar en una uni\u00f3n de vida total\u201d <\/i><\/span><\/span><span style=\"color: #000000\"><span style=\"font-size: medium\">(EG 66).<\/span><\/span><\/p>\n<p align=\"JUSTIFY\">\u201c<span style=\"font-size: medium\"><span lang=\"es-ES\"><i>La Iglesia quiere llegar a las familias con humilde comprensi\u00f3n, y su deseo es acompa\u00f1ar a cada una y a todas las familias para que puedan descubrir la mejor manera de superar las dificultades que se encuentran en su camino. No basta incorporar una gen\u00e9rica preocupaci\u00f3n por la familia en los grandes proyectos pastorales. Para que las familias puedan ser cada vez m\u00e1s sujetos activos de la pastoral familiar, se requiere un esfuerzo evangelizador y catequ\u00edstico dirigido a la familia, que la oriente en este sentido\u201d<\/i><\/span><\/span><span style=\"font-size: medium\"><span lang=\"es-ES\"> (AL 200).<\/span><\/span><\/p>\n<p align=\"JUSTIFY\">\u201c<span style=\"font-size: medium\"><span lang=\"es-ES\"><i>La pastoral familiar debe hacer experimentar que el Evangelio de la familia responde a las expectativas m\u00e1s profundas de la persona humana: a su dignidad y a la realizaci\u00f3n plena en la reciprocidad, en la comuni\u00f3n y en la fecundidad. No se trata solamente de presentar una normativa, sino de proponer valores, respondiendo a la necesidad que se constata hoy, incluso en los pa\u00edses m\u00e1s secularizados, de tales valores\u201d <\/i><\/span><\/span><span style=\"font-size: medium\"><span lang=\"es-ES\">(AL 201).<\/span><\/span><\/p>\n<p align=\"JUSTIFY\"><span style=\"font-size: medium\"><b>ACTUAR<\/b><\/span><\/p>\n<p align=\"JUSTIFY\"><span style=\"font-size: medium\">Si queremos salvar nuestra patria y que las cosas cambien para bien, el desaf\u00edo es ayudar a que las familias sean s\u00f3lidas, que no se deshagan, que crezcan en el verdadero amor y eduquen en valores humanos y cristianos. Sin esto, el panorama ser\u00e1 cada vez m\u00e1s desolador. Y si se hacen leyes contra la familia, \u00a1a d\u00f3nde iremos a parar! \u00a1De la familia depende el pa\u00eds! No lo destruyamos m\u00e1s. Sin familias, ni m\u00e1s polic\u00edas ni m\u00e1s ej\u00e9rcitos podr\u00e1n frenar la delincuencia.<\/span><\/p>\n<p align=\"JUSTIFY\">+ Felipe Arizmendi Esquivel, obispo de San Crist\u00f3bal de las Casas<\/p>\n<p><span class=\"et_bloom_bottom_trigger\"><\/span><\/p>\n<p><a href=\"https:\/\/es.zenit.org\/\" target=\"_blank\" rel=\"nofollow\">Fuente: es.zenit.org<\/a><\/p>\n","protected":false},"excerpt":{"rendered":"<p>&nbsp; VER Los obispos de Chiapas convocamos a matrimonios de las tres di\u00f3cesis a un encuentro, en Tapachula, para reflexionar sobre la realidad de las familias, meditar lo que expone el Papa Francisco en la Exhortaci\u00f3n La alegr\u00eda del amor, y hacer algunas propuestas para impulsar la pastoral familiar. En un ambiente muy fraterno, se &hellip; <a href=\"https:\/\/www.biblia.work\/noticias\/el-desafio-de-construir-familias\/\" class=\"more-link\">Continuar leyendo<span class=\"screen-reader-text\"> \u00abEl desaf\u00edo de construir familias\u00bb<\/span><\/a><\/p>\n","protected":false},"author":1,"featured_media":0,"comment_status":"open","ping_status":"closed","sticky":false,"template":"","format":"standard","meta":{"footnotes":""},"categories":[1],"tags":[],"class_list":["post-13278","post","type-post","status-publish","format-standard","hentry","category-general"],"_links":{"self":[{"href":"https:\/\/www.biblia.work\/noticias\/wp-json\/wp\/v2\/posts\/13278","targetHints":{"allow":["GET"]}}],"collection":[{"href":"https:\/\/www.biblia.work\/noticias\/wp-json\/wp\/v2\/posts"}],"about":[{"href":"https:\/\/www.biblia.work\/noticias\/wp-json\/wp\/v2\/types\/post"}],"author":[{"embeddable":true,"href":"https:\/\/www.biblia.work\/noticias\/wp-json\/wp\/v2\/users\/1"}],"replies":[{"embeddable":true,"href":"https:\/\/www.biblia.work\/noticias\/wp-json\/wp\/v2\/comments?post=13278"}],"version-history":[{"count":0,"href":"https:\/\/www.biblia.work\/noticias\/wp-json\/wp\/v2\/posts\/13278\/revisions"}],"wp:attachment":[{"href":"https:\/\/www.biblia.work\/noticias\/wp-json\/wp\/v2\/media?parent=13278"}],"wp:term":[{"taxonomy":"category","embeddable":true,"href":"https:\/\/www.biblia.work\/noticias\/wp-json\/wp\/v2\/categories?post=13278"},{"taxonomy":"post_tag","embeddable":true,"href":"https:\/\/www.biblia.work\/noticias\/wp-json\/wp\/v2\/tags?post=13278"}],"curies":[{"name":"wp","href":"https:\/\/api.w.org\/{rel}","templated":true}]}}