{"id":2627,"date":"2016-04-10T18:05:03","date_gmt":"2016-04-10T23:05:03","guid":{"rendered":"http:\/\/www.biblia.work\/noticias\/arzobispo-catolico-denuncia-la-dramatica-situacion-de-ucrania\/"},"modified":"2016-04-10T18:05:03","modified_gmt":"2016-04-10T23:05:03","slug":"arzobispo-catolico-denuncia-la-dramatica-situacion-de-ucrania","status":"publish","type":"post","link":"https:\/\/www.biblia.work\/noticias\/arzobispo-catolico-denuncia-la-dramatica-situacion-de-ucrania\/","title":{"rendered":"Arzobispo cat\u00f3lico denuncia la dram\u00e1tica situaci\u00f3n de Ucrania"},"content":{"rendered":"<p> ROMA, 10 Abr. 16 (ACI).-<br \/>\n\tLa dram&aacute;tica situaci&oacute;n que est&aacute; pasando Ucrania se ha visto reflejada en el mensaje, que con motivo del Jubileo de la Misericordia, emiti&oacute; Su Beatitud Sviatoslav Shevchuk, Arzobispo mayor de Kiev y l&iacute;der de la Iglesia greco-cat&oacute;lica Ucraniana, en el que expone las vicisitudes de su pueblo y exhorta a todos a implorar la misericordia divina.<\/p>\n<p style=\"text-align: justify\">\n\t\tUkraine is on fire: https:\/\/t.co\/C7s1rEXK9H pic.twitter.com\/pmkFcoPaar<\/p>\n<p>\t&mdash; The Daily Beast (@thedailybeast) 8 de abril de 2016<\/p>\n<p style=\"text-align: justify\">\n\tEn el texto, dado a conocer por AICA, el Prelado resalt&oacute; que Ucrania vive &ldquo;una corrupci&oacute;n generalizada en todos los niveles; un sistema judicial injusto; la falta de honradez en el lugar de trabajo; el alcoholismo y la adicci&oacute;n a las drogas; la inmoralidad sexual; los abortos; explotaci&oacute;n depredadora de la naturaleza: son estos y muchos otros los males sociales de los que Ucrania debe purificarse hasta obtener el don del perd&oacute;n misericordioso de Dios&rdquo;.<\/p>\n<p style=\"text-align: justify\">\n\tMons. Shevchuk enfatiz&oacute; que en Ucrania es necesaria &ldquo;la protecci&oacute;n de la vida desde la concepci&oacute;n hasta la muerte natural; el respecto al matrimonio como uni&oacute;n indisoluble entre un hombre y una mujer; la protecci&oacute;n y promoci&oacute;n de los valores de la familia; el respeto a la dignidad de cada persona; la creaci&oacute;n de un sistema judicial justo; la promoci&oacute;n de la espiritualidad y la cultura del pueblo; el cuidado de la creaci&oacute;n&quot;.<\/p>\n<p style=\"text-align: justify\">\n\tEl Arzobispo pide adem&aacute;s que Ucrania no busque complacer a las potencias del mundo, sino que se inspire, para el cumplimiento de su vocaci&oacute;n, en la Palabra de Dios.<\/p>\n<p style=\"text-align: justify\">\n\tPosiciones e iniciativas contrarias a la ley natural y al Evangelio, advierte, &quot;no pueden ser llamadas &lsquo;valores&#039;, sino que son ideolog&iacute;as que llevan a la afectaci&oacute;n de los derechos humanos y a una nueva esclavitud&quot;.<\/p>\n<p style=\"text-align: justify\">\n\t&quot;El Se&ntilde;or &ndash;concluye el mensaje&ndash; no escatimar&aacute; su misericordia a nosotros y a todo el continente europeo si realmente renunciamos a las abominaciones y los cr&iacute;menes, y ajustamos nuestra vida familiar y social a su ley y voluntad&quot;.<\/p>\n<p style=\"text-align: justify\">\n\tUcrania atraviesa una dram&aacute;tica situaci&oacute;n: medio mill&oacute;n de personas tienen urgencia de alimento y varios centenares de miles precisan de otros tipos de ayuda.<\/p>\n<p style=\"text-align: justify\">\n\tDos millones y medio de personas est&aacute;n precisando cuidados sanitarios y se estima que el 60 por ciento de las v&iacute;ctimas son personas ancianas.<\/p>\n<p style=\"text-align: justify\">\n\tEl Papa Francisco anunci&oacute; recientemente que el pr&oacute;ximo 24 de abril se realizar&aacute; en todas las iglesias cat&oacute;licas de Europa una colecta a favor de las v&iacute;ctimas de la guerra en Ucrania.<\/p>\n<p style=\"text-align: justify\">\n\tTambi&eacute;n te puede interesar:<\/p>\n<p style=\"text-align: justify\">\n\t\tEl Papa llama a la paz ante escalada de violencia en Ucrania http:\/\/t.co\/GMVeayVWHi<\/p>\n<p>\t&mdash; ACI Prensa (@aciprensa) 23 de agosto de 2015<\/p>\n","protected":false},"excerpt":{"rendered":"<p>ROMA, 10 Abr. 16 (ACI).- La dram&aacute;tica situaci&oacute;n que est&aacute; pasando Ucrania se ha visto reflejada en el mensaje, que con motivo del Jubileo de la Misericordia, emiti&oacute; Su Beatitud Sviatoslav Shevchuk, Arzobispo mayor de Kiev y l&iacute;der de la Iglesia greco-cat&oacute;lica Ucraniana, en el que expone las vicisitudes de su pueblo y exhorta a &hellip; <a href=\"https:\/\/www.biblia.work\/noticias\/arzobispo-catolico-denuncia-la-dramatica-situacion-de-ucrania\/\" class=\"more-link\">Continuar leyendo<span class=\"screen-reader-text\"> \u00abArzobispo cat\u00f3lico denuncia la dram\u00e1tica situaci\u00f3n de Ucrania\u00bb<\/span><\/a><\/p>\n","protected":false},"author":1,"featured_media":0,"comment_status":"open","ping_status":"closed","sticky":false,"template":"","format":"standard","meta":{"footnotes":""},"categories":[1],"tags":[],"class_list":["post-2627","post","type-post","status-publish","format-standard","hentry","category-general"],"_links":{"self":[{"href":"https:\/\/www.biblia.work\/noticias\/wp-json\/wp\/v2\/posts\/2627","targetHints":{"allow":["GET"]}}],"collection":[{"href":"https:\/\/www.biblia.work\/noticias\/wp-json\/wp\/v2\/posts"}],"about":[{"href":"https:\/\/www.biblia.work\/noticias\/wp-json\/wp\/v2\/types\/post"}],"author":[{"embeddable":true,"href":"https:\/\/www.biblia.work\/noticias\/wp-json\/wp\/v2\/users\/1"}],"replies":[{"embeddable":true,"href":"https:\/\/www.biblia.work\/noticias\/wp-json\/wp\/v2\/comments?post=2627"}],"version-history":[{"count":0,"href":"https:\/\/www.biblia.work\/noticias\/wp-json\/wp\/v2\/posts\/2627\/revisions"}],"wp:attachment":[{"href":"https:\/\/www.biblia.work\/noticias\/wp-json\/wp\/v2\/media?parent=2627"}],"wp:term":[{"taxonomy":"category","embeddable":true,"href":"https:\/\/www.biblia.work\/noticias\/wp-json\/wp\/v2\/categories?post=2627"},{"taxonomy":"post_tag","embeddable":true,"href":"https:\/\/www.biblia.work\/noticias\/wp-json\/wp\/v2\/tags?post=2627"}],"curies":[{"name":"wp","href":"https:\/\/api.w.org\/{rel}","templated":true}]}}