{"id":2647,"date":"2016-04-11T15:05:02","date_gmt":"2016-04-11T20:05:02","guid":{"rendered":"http:\/\/www.biblia.work\/noticias\/pesame-del-papa-francisco-por-fallecimiento-de-obispo-en-mexico\/"},"modified":"2016-04-11T15:05:02","modified_gmt":"2016-04-11T20:05:02","slug":"pesame-del-papa-francisco-por-fallecimiento-de-obispo-en-mexico","status":"publish","type":"post","link":"https:\/\/www.biblia.work\/noticias\/pesame-del-papa-francisco-por-fallecimiento-de-obispo-en-mexico\/","title":{"rendered":"P\u00e9same del Papa Francisco por fallecimiento de Obispo en M\u00e9xico"},"content":{"rendered":"<p> CIUDAD DE M\u00c9XICO, 11 Abr. 16 (ACI).-<br \/>\n\tEl Papa Francisco expres&oacute; su p&eacute;same por el fallecimiento del Obispo de Matehuala en el estado de San Luis Potos&iacute; (M&eacute;xico), Mons. Lucas Mart&iacute;nez Lara, que muri&oacute; el 9 de abril a la edad de 73 a&ntilde;os, tras algunas complicaciones por la diabetes que padec&iacute;a hace varios a&ntilde;os.<\/p>\n<p style=\"text-align: justify\">\n\tSeg&uacute;n se&ntilde;alan medios locales, sus restos fueron llevados desde San Luis Potos&iacute; hasta Matehuala para el velatorio.<\/p>\n<p style=\"text-align: justify\">\n\t&ldquo;Aprovecho para unirnos a la Iglesia de Matehuala por la p&eacute;rdida de un obispo. Fue un hombre de convicciones y sab&iacute;a de la gravedad de su enfermedad&rdquo;, dijo Mons. Carlos Cabrero Romero, Arzobispo de San Luis Potos&iacute;.<\/p>\n<p style=\"text-align: justify\">\n\tEn un mensaje firmado por el Secretario de Estado del Vaticano, Cardenal Pietro Parolin, y enviado a Mons. Cabrero Romero, el Papa Francisco envi&oacute; sus condolencias.<\/p>\n<p style=\"text-align: justify\">\n\t&ldquo;Recibida la triste noticia del fallecimiento de Monse&ntilde;or Lucas Mart&iacute;nez Lara, Obispo de la Di&oacute;cesis de Matehuala, el Santo Padre desea hacer llegar su m&aacute;s profundo p&eacute;same a toda la comunidad eclesial de esa Di&oacute;cesis y a sus familiares&rdquo;, se&ntilde;ala el texto.<\/p>\n<p style=\"text-align: justify\">\n\tAsimismo, indica el telegrama, el Papa &ldquo;ofrece sufragios por el eterno descanso del difunto prelado y les otorga con afecto la confortadora bendici&oacute;n apost&oacute;lica, como signo de fe y esperanza en el Se&ntilde;or Resucitado&rdquo;.<\/p>\n<p style=\"text-align: justify\">\n\tTambi&eacute;n te puede interesar:<\/p>\n<p style=\"text-align: justify\">\n\t\tEl Papa nombra nuevo Obispo para di&oacute;cesis de San Juan de los Lagos, en M&eacute;xico https:\/\/t.co\/R6b1yCKKsQ<\/p>\n<p>\t&mdash; ACI Prensa (@aciprensa) 2 de abril de 2016<\/p>\n<p style=\"text-align: justify\">\n\t&nbsp;<\/p>\n","protected":false},"excerpt":{"rendered":"<p>CIUDAD DE M\u00c9XICO, 11 Abr. 16 (ACI).- El Papa Francisco expres&oacute; su p&eacute;same por el fallecimiento del Obispo de Matehuala en el estado de San Luis Potos&iacute; (M&eacute;xico), Mons. Lucas Mart&iacute;nez Lara, que muri&oacute; el 9 de abril a la edad de 73 a&ntilde;os, tras algunas complicaciones por la diabetes que padec&iacute;a hace varios a&ntilde;os. &hellip; <a href=\"https:\/\/www.biblia.work\/noticias\/pesame-del-papa-francisco-por-fallecimiento-de-obispo-en-mexico\/\" class=\"more-link\">Continuar leyendo<span class=\"screen-reader-text\"> \u00abP\u00e9same del Papa Francisco por fallecimiento de Obispo en M\u00e9xico\u00bb<\/span><\/a><\/p>\n","protected":false},"author":1,"featured_media":0,"comment_status":"open","ping_status":"closed","sticky":false,"template":"","format":"standard","meta":{"footnotes":""},"categories":[1],"tags":[],"class_list":["post-2647","post","type-post","status-publish","format-standard","hentry","category-general"],"_links":{"self":[{"href":"https:\/\/www.biblia.work\/noticias\/wp-json\/wp\/v2\/posts\/2647","targetHints":{"allow":["GET"]}}],"collection":[{"href":"https:\/\/www.biblia.work\/noticias\/wp-json\/wp\/v2\/posts"}],"about":[{"href":"https:\/\/www.biblia.work\/noticias\/wp-json\/wp\/v2\/types\/post"}],"author":[{"embeddable":true,"href":"https:\/\/www.biblia.work\/noticias\/wp-json\/wp\/v2\/users\/1"}],"replies":[{"embeddable":true,"href":"https:\/\/www.biblia.work\/noticias\/wp-json\/wp\/v2\/comments?post=2647"}],"version-history":[{"count":0,"href":"https:\/\/www.biblia.work\/noticias\/wp-json\/wp\/v2\/posts\/2647\/revisions"}],"wp:attachment":[{"href":"https:\/\/www.biblia.work\/noticias\/wp-json\/wp\/v2\/media?parent=2647"}],"wp:term":[{"taxonomy":"category","embeddable":true,"href":"https:\/\/www.biblia.work\/noticias\/wp-json\/wp\/v2\/categories?post=2647"},{"taxonomy":"post_tag","embeddable":true,"href":"https:\/\/www.biblia.work\/noticias\/wp-json\/wp\/v2\/tags?post=2647"}],"curies":[{"name":"wp","href":"https:\/\/api.w.org\/{rel}","templated":true}]}}