{"id":2649,"date":"2016-04-11T17:05:03","date_gmt":"2016-04-11T22:05:03","guid":{"rendered":"http:\/\/www.biblia.work\/noticias\/papa-francisco-envia-pesame-a-familiares-de-victimas-de-tragico-incendio-en-india\/"},"modified":"2016-04-11T17:05:03","modified_gmt":"2016-04-11T22:05:03","slug":"papa-francisco-envia-pesame-a-familiares-de-victimas-de-tragico-incendio-en-india","status":"publish","type":"post","link":"https:\/\/www.biblia.work\/noticias\/papa-francisco-envia-pesame-a-familiares-de-victimas-de-tragico-incendio-en-india\/","title":{"rendered":"Papa Francisco env\u00eda p\u00e9same a familiares de v\u00edctimas de tr\u00e1gico incendio en India"},"content":{"rendered":"<p> VATICANO, 11 Abr. 16 (ACI\/EWTN Noticias).-<br \/>\n\tEl Papa Francisco envi&oacute; en un telegrama su p&eacute;same por el &ldquo;tr&aacute;gico incendio&rdquo; en un templo hind&uacute; el 10 de abril, que cobr&oacute; la vida de m&aacute;s de 100 personas y dej&oacute; a otras 350 heridas en el poblado de Paravoor, en el estado indio de Kerala.<\/p>\n<p style=\"text-align: justify\">\n\t\tImages show devastation of #Kollam fire in Kerala, Indiahttps:\/\/t.co\/lKJ6T9Swzn pic.twitter.com\/hz7GrsuezR<\/p>\n<p>\t&mdash; BBC News (World) (@BBCWorld) 10 de abril de 2016<\/p>\n<p style=\"text-align: justify\">\n\t&ldquo;Oramos por todos aquellos que se han visto afectados por esta tragedia&rdquo;, asegur&oacute; el Santo Padre, al tiempo que asegur&oacute; sus oraciones para que India reciba &ldquo;las bendiciones divinas de la fortaleza y la paz&rdquo;.<\/p>\n<p style=\"text-align: justify\">\n\tAlrededor de quince mil personas se reunieron en el templo durante la madrugada del domingo para ver los fuegos artificiales y recibir el a&ntilde;o nuevo hind&uacute;. Alrededor de las 3:30 a.m. (hora local), se desat&oacute; el incendio, seg&uacute;n las autoridades locales.<\/p>\n<p style=\"text-align: justify\">\n\tLos Obispos de India expresaron tambi&eacute;n su gran dolor por la tragedia, seg&uacute;n recoge la agencia vaticana Fides. En un comunicado, la Conferencia de Obispos Cat&oacute;licos de India expres&oacute; su oraci&oacute;n por las v&iacute;ctimas y sus familias, y pidi&oacute; a &ldquo;las di&oacute;cesis vecinas, hospitales cat&oacute;licos y centros de servicios sociales, que ofrezcan toda la asistencia posible a los heridos y a todos los implicados en esta tragedia&rdquo;.<\/p>\n<p style=\"text-align: justify\">\n\tTambi&eacute;n te puede interesar:<\/p>\n<p style=\"text-align: justify\">\n\t\tSemana Santa en India: Cristianos piden protecci&oacute;n del gobierno para vivirla en paz https:\/\/t.co\/wOA3yXPs2r<\/p>\n<p>\t&mdash; ACI Prensa (@aciprensa) 23 de marzo de 2016<\/p>\n","protected":false},"excerpt":{"rendered":"<p>VATICANO, 11 Abr. 16 (ACI\/EWTN Noticias).- El Papa Francisco envi&oacute; en un telegrama su p&eacute;same por el &ldquo;tr&aacute;gico incendio&rdquo; en un templo hind&uacute; el 10 de abril, que cobr&oacute; la vida de m&aacute;s de 100 personas y dej&oacute; a otras 350 heridas en el poblado de Paravoor, en el estado indio de Kerala. Images show &hellip; <a href=\"https:\/\/www.biblia.work\/noticias\/papa-francisco-envia-pesame-a-familiares-de-victimas-de-tragico-incendio-en-india\/\" class=\"more-link\">Continuar leyendo<span class=\"screen-reader-text\"> \u00abPapa Francisco env\u00eda p\u00e9same a familiares de v\u00edctimas de tr\u00e1gico incendio en India\u00bb<\/span><\/a><\/p>\n","protected":false},"author":1,"featured_media":0,"comment_status":"open","ping_status":"closed","sticky":false,"template":"","format":"standard","meta":{"footnotes":""},"categories":[1],"tags":[],"class_list":["post-2649","post","type-post","status-publish","format-standard","hentry","category-general"],"_links":{"self":[{"href":"https:\/\/www.biblia.work\/noticias\/wp-json\/wp\/v2\/posts\/2649","targetHints":{"allow":["GET"]}}],"collection":[{"href":"https:\/\/www.biblia.work\/noticias\/wp-json\/wp\/v2\/posts"}],"about":[{"href":"https:\/\/www.biblia.work\/noticias\/wp-json\/wp\/v2\/types\/post"}],"author":[{"embeddable":true,"href":"https:\/\/www.biblia.work\/noticias\/wp-json\/wp\/v2\/users\/1"}],"replies":[{"embeddable":true,"href":"https:\/\/www.biblia.work\/noticias\/wp-json\/wp\/v2\/comments?post=2649"}],"version-history":[{"count":0,"href":"https:\/\/www.biblia.work\/noticias\/wp-json\/wp\/v2\/posts\/2649\/revisions"}],"wp:attachment":[{"href":"https:\/\/www.biblia.work\/noticias\/wp-json\/wp\/v2\/media?parent=2649"}],"wp:term":[{"taxonomy":"category","embeddable":true,"href":"https:\/\/www.biblia.work\/noticias\/wp-json\/wp\/v2\/categories?post=2649"},{"taxonomy":"post_tag","embeddable":true,"href":"https:\/\/www.biblia.work\/noticias\/wp-json\/wp\/v2\/tags?post=2649"}],"curies":[{"name":"wp","href":"https:\/\/api.w.org\/{rel}","templated":true}]}}