{"id":2652,"date":"2016-04-11T19:05:03","date_gmt":"2016-04-12T00:05:03","guid":{"rendered":"http:\/\/www.biblia.work\/noticias\/eurocopa-e-institucion-catolica-en-francia-los-otros-objetivos-de-terroristas-de-bruselas\/"},"modified":"2016-04-11T19:05:03","modified_gmt":"2016-04-12T00:05:03","slug":"eurocopa-e-institucion-catolica-en-francia-los-otros-objetivos-de-terroristas-de-bruselas","status":"publish","type":"post","link":"https:\/\/www.biblia.work\/noticias\/eurocopa-e-institucion-catolica-en-francia-los-otros-objetivos-de-terroristas-de-bruselas\/","title":{"rendered":"Eurocopa e instituci\u00f3n cat\u00f3lica en Francia: Los otros objetivos de terroristas de Bruselas"},"content":{"rendered":"<p> PAR\u00cdS, 11 Abr. 16 (ACI).-<br \/>\n\tLa fiscal&iacute;a belga inform&oacute; que los terroristas que perpetraron el atentado en Bruselas (B&eacute;lgica) tambi&eacute;n ten&iacute;an como objetivo la Eurocopa que se realizar&aacute; en Francia entre junio y julio de este a&ntilde;o, adem&aacute;s de una instituci&oacute;n cat&oacute;lica en ese pa&iacute;s.<\/p>\n<p style=\"text-align: justify\">\n\t\tAtentados de Bruselas se planearon en estrecho contacto con yihadistas en Siria https:\/\/t.co\/50ZIGQaMT4 pic.twitter.com\/PLxwlHY3Lh<\/p>\n<p>\t&mdash; EL TIEMPO (@ELTIEMPO) 11 de abril de 2016<\/p>\n<p style=\"text-align: justify\">\n\tEsta informaci&oacute;n la obtuvieron las autoridades belgas tras la confesi&oacute;n de un yihadista vinculado a los atentados de Bruselas el pasado 22 de marzo en los que murieron unas 30 personas y m&aacute;s de 200 resultaron heridas.<\/p>\n<p style=\"text-align: justify\">\n\tMohamed Abrini, que tambi&eacute;n tiene relaci&oacute;n con los atentados de Par&iacute;s ocurridos en noviembre del a&ntilde;o pasado, fue quien dio estos datos durante su interrogatorio.<\/p>\n<p style=\"text-align: justify\">\n\tSeg&uacute;n informa el peri&oacute;dico franc&eacute;s Lib&eacute;ration, la polic&iacute;a belga encontr&oacute; una computadora en un basurero cerca de la vivienda de donde salieron los terroristas el 22 de marzo antes de los atentados en la capital belga.<\/p>\n<p style=\"text-align: justify\">\n\tEn ella hab&iacute;a audios e informaci&oacute;n que revelaban los otros blancos de los yihadistas: la asociaci&oacute;n cat&oacute;lica Civitas y el barrio parisino de La D&eacute;fense.<\/p>\n<p style=\"text-align: justify\">\n\tUna fuente antiterrorista indic&oacute; al diario franc&eacute;s que los yihadistas &ldquo;planifican abiertamente las operaciones, se preguntan en cu&aacute;les deben dar el golpe y si todo el comando debe morir o si se deben quedar algunos&rdquo;.<\/p>\n<p style=\"text-align: justify\">\n\t&ldquo;Es una prueba sugerente de que esta c&eacute;lula contin&uacute;a teniendo v&iacute;nculos con Siria, de donde recibe consejos y orientaci&oacute;n del &lsquo;califato&rsquo;&rdquo;, agrega el peri&oacute;dico en relaci&oacute;n a sus nexos con los terroristas musulmanes.<\/p>\n<p style=\"text-align: justify\">\n\tTras los atentados de B&eacute;lgica y la detenci&oacute;n de Abrini el pasado 8 de abril, las autoridades belgas y francesas siguen estudiando las caracter&iacute;sticas del grupo terrorista y prosiguen su investigaci&oacute;n con la informaci&oacute;n obtenida de los interrogatorios, se&ntilde;ala Europa Press.<\/p>\n<p style=\"text-align: justify\">\n\tDe otro lado, una fuente policial francesa indic&oacute; que la elecci&oacute;n de los objetivos no sorprende y se confirmar&iacute;a as&iacute; que B&eacute;lgica es una base de operaciones para los ataques isl&aacute;micos.<\/p>\n<p style=\"text-align: justify\">\n\tTambi&eacute;n te puede interesar:<\/p>\n<p style=\"text-align: justify\">\n\t\tVIRAL: Sobreviviente de Bruselas conmueve las redes con carta a su hijo no nacido https:\/\/t.co\/zIzgWmuTYr<\/p>\n<p>\t&mdash; ACI Prensa (@aciprensa) 25 de marzo de 2016<\/p>\n","protected":false},"excerpt":{"rendered":"<p>PAR\u00cdS, 11 Abr. 16 (ACI).- La fiscal&iacute;a belga inform&oacute; que los terroristas que perpetraron el atentado en Bruselas (B&eacute;lgica) tambi&eacute;n ten&iacute;an como objetivo la Eurocopa que se realizar&aacute; en Francia entre junio y julio de este a&ntilde;o, adem&aacute;s de una instituci&oacute;n cat&oacute;lica en ese pa&iacute;s. Atentados de Bruselas se planearon en estrecho contacto con yihadistas &hellip; <a href=\"https:\/\/www.biblia.work\/noticias\/eurocopa-e-institucion-catolica-en-francia-los-otros-objetivos-de-terroristas-de-bruselas\/\" class=\"more-link\">Continuar leyendo<span class=\"screen-reader-text\"> \u00abEurocopa e instituci\u00f3n cat\u00f3lica en Francia: Los otros objetivos de terroristas de Bruselas\u00bb<\/span><\/a><\/p>\n","protected":false},"author":1,"featured_media":0,"comment_status":"open","ping_status":"closed","sticky":false,"template":"","format":"standard","meta":{"footnotes":""},"categories":[1],"tags":[],"class_list":["post-2652","post","type-post","status-publish","format-standard","hentry","category-general"],"_links":{"self":[{"href":"https:\/\/www.biblia.work\/noticias\/wp-json\/wp\/v2\/posts\/2652","targetHints":{"allow":["GET"]}}],"collection":[{"href":"https:\/\/www.biblia.work\/noticias\/wp-json\/wp\/v2\/posts"}],"about":[{"href":"https:\/\/www.biblia.work\/noticias\/wp-json\/wp\/v2\/types\/post"}],"author":[{"embeddable":true,"href":"https:\/\/www.biblia.work\/noticias\/wp-json\/wp\/v2\/users\/1"}],"replies":[{"embeddable":true,"href":"https:\/\/www.biblia.work\/noticias\/wp-json\/wp\/v2\/comments?post=2652"}],"version-history":[{"count":0,"href":"https:\/\/www.biblia.work\/noticias\/wp-json\/wp\/v2\/posts\/2652\/revisions"}],"wp:attachment":[{"href":"https:\/\/www.biblia.work\/noticias\/wp-json\/wp\/v2\/media?parent=2652"}],"wp:term":[{"taxonomy":"category","embeddable":true,"href":"https:\/\/www.biblia.work\/noticias\/wp-json\/wp\/v2\/categories?post=2652"},{"taxonomy":"post_tag","embeddable":true,"href":"https:\/\/www.biblia.work\/noticias\/wp-json\/wp\/v2\/tags?post=2652"}],"curies":[{"name":"wp","href":"https:\/\/api.w.org\/{rel}","templated":true}]}}