{"id":2655,"date":"2016-04-12T03:15:03","date_gmt":"2016-04-12T08:15:03","guid":{"rendered":"http:\/\/www.biblia.work\/noticias\/ecuador-los-obispos-piden-dialogo-y-leal-cooperacion\/"},"modified":"2016-04-12T03:15:03","modified_gmt":"2016-04-12T08:15:03","slug":"ecuador-los-obispos-piden-dialogo-y-leal-cooperacion","status":"publish","type":"post","link":"https:\/\/www.biblia.work\/noticias\/ecuador-los-obispos-piden-dialogo-y-leal-cooperacion\/","title":{"rendered":"Ecuador: Los obispos piden di\u00e1logo y leal cooperaci\u00f3n"},"content":{"rendered":"<p style=\"text-align: justify\">(ZENIT- Roma).-La Conferencia Episcopal de Ecuador (CEC) concluy\u00f3 su 139 Asamblea Plenaria recordando que \u201cen uni\u00f3n al Papa Francisco, hemos iniciado el &#8216;A\u00f1o de la Misericordia&#8217; con la apertura de las puertas santas&#8221;, sin olvidar \u201cel profundo dolor por las tribulaciones y la dram\u00e1tica situaci\u00f3n de nuestros hermanos en la fe en diferentes partes del mundo\u201d.<\/p>\n<p style=\"text-align: justify\">Ante el per\u00edodo electoral que se acerca, con presidenciales fijadas para enero de 2017, y el peligro de\u00a0la exasperaci\u00f3n de los enfrentamientos pol\u00edticos, los obispos piden\u00a0actitudes de di\u00e1logo y colaboraci\u00f3n sinceras, para que Ecuador pueda enfrentar, con eficacia y sentido de responsabilidad, la situaci\u00f3n adversa que atraviesa el pa\u00eds, las situaciones de precariedad, inseguridad y desempleo; las drogas y la trata de personas.<\/p>\n<p style=\"text-align: justify\">Los obispos indican tambi\u00e9n su satisfacci\u00f3n por la apertura del proceso de canonizaci\u00f3n del siervo de Dios Pablo Mu\u00f1oz Vega; agradecen al papa Francisco por el rico magisterio de la exhortaci\u00f3n apost\u00f3lica Amoris Laetitia, \u201cdonde redescubrimos la belleza del plan de Dios sobre el matrimonio y el don de la familia\u201d e invocan a la Sant\u00edsima Virgen Mar\u00eda, para \u201cque alcance de su hijo Jes\u00fas todas las gracias necesarias para que la Misericordia de Dios llegue a todos los ecuatorianos\u201d.<\/p>\n<p style=\"text-align: justify\">A continuaci\u00f3n el texto completo.<\/p>\n<p style=\"text-align: justify\">MENSAJE DE LOS OBISPOS DEL ECUADOR REUNIDOS EN SU<\/p>\n<p style=\"text-align: justify\">CXXXIX ASAMBLEA PLENARIA<\/p>\n<p style=\"text-align: justify\">Los Obispos de la Conferencia Episcopal Ecuatoriana reunidos en Quito, del 4 al 8 de abril, hemos celebrado nuestra CXXXIX Asamblea Plenaria. Han sido unos d\u00edas de alegr\u00eda pascual, as\u00ed como de profunda unidad y fraternidad, en el que abordamos diversos temas.<\/p>\n<p style=\"text-align: justify\">Tenemos a\u00fan presente la Visita Pastoral del Papa Francisco al Ecuador. Les invitamos a repasar y aprovechar la riqueza de los mensajes que nos dej\u00f3; as\u00ed nos fortaleceremos en la fe, nuestras familias se renovar\u00e1n y toda la sociedad crecer\u00e1 en solidaridad, gratuidad y subsidiaridad.<\/p>\n<p style=\"text-align: justify\">Con entusiasmo y esperanza, y en uni\u00f3n al Papa Francisco, hemos iniciado el \u201cA\u00f1o de la Misericordia\u201d con el gesto, tan significativo, de la apertura de las \u201cpuertas de la misericordia\u201d en nuestras iglesias particulares. Agradecidos por esta providencial iniciativa, damos testimonio que esta convocatoria est\u00e1 calando hondamente en nuestro pueblo, y que en todas nuestras jurisdicciones se ha desarrollado una rica programaci\u00f3n, en sinton\u00eda con las sugerencias de la Bula Misericordiae Vultus; y que, en este sentido, se est\u00e1 dando gran impulso al compromiso de las obras de misericordia, a la atenci\u00f3n generosa en el sacramento de la Reconciliaci\u00f3n y al desarrollo de una actitud m\u00e1s misericordiosa y acogedora en todo el pueblo cristiano.<\/p>\n<p style=\"text-align: justify\">El mes de febrero, los mismos Obispos tuvimos un retiro espiritual para vivir mejor este A\u00f1o, dentro del cual tuvimos la experiencia de una conmovedora visita a un centro carcelario. Dios quiera que la experiencia eclesial de este A\u00f1o jubilar se traduzca en una aut\u00e9ntica renovaci\u00f3n de la fe.<\/p>\n<p style=\"text-align: justify\">Como miembros todos de la \u00fanica Iglesia de Jesucristo, compartimos el profundo dolor por las tribulaciones y la dram\u00e1tica situaci\u00f3n de nuestros hermanos en la fe en diferentes partes del mundo. Nuestra mente y nuestro coraz\u00f3n no deja de tenerlos presentes en todo momento, pidiendo a Nuestro Salvador Jesucristo, el testigo fiel, les conceda la fortaleza necesaria, junto con el consuelo de la fraterna y concreta solicitud de toda la Iglesia. Y que su testimonio no deje de fortalecer la fidelidad de todos los bautizados.<\/p>\n<p style=\"text-align: justify\">En nuestro pa\u00eds, a nivel social, hemos comenzado a vivir momentos dif\u00edciles. La perspectiva econ\u00f3mica se ve muy incierta, as\u00ed como los caminos para enfrentarla. Nos preocupan las previsibles repercusiones en la vida de nuestro pueblo, sus decepciones y nuevas situaciones de precariedad, especialmente de los j\u00f3venes envueltos en las drogas, los ni\u00f1os y las mujeres comercializados en la trata de personas y otros en situaci\u00f3n de vulnerabilidad, como la inseguridad y el desempleo.<\/p>\n<p style=\"text-align: justify\">Nos acercamos adem\u00e1s a un per\u00edodo electoral, que puede caracterizarse por la exasperaci\u00f3n de los enfrentamientos pol\u00edticos, afect\u00e1ndose todav\u00eda m\u00e1s las actitudes de di\u00e1logo y colaboraci\u00f3n sinceras, que consideramos indispensable para que nuestra sociedad pueda enfrentar, con eficacia y sentido de corresponsabilidad, la situaci\u00f3n adversa que atraviesa el pa\u00eds.<\/p>\n<p style=\"text-align: justify\">Pedimos al Se\u00f1or que abra nuestros ojos y nos haga conocer las necesidades de todos nuestros hermanos; que \u00c9l nos inspire las palabras y las obras para confortar a los que est\u00e1n cansados y agobiados siguiendo el ejemplo y el mandato de Cristo. Queremos ser como Iglesia un vivo testimonio de verdad y libertad, de paz y de justicia para que nuestro pueblo se anime con una esperanza nueva.<\/p>\n<p style=\"text-align: justify\">Nos alegramos por la apertura del proceso de canonizaci\u00f3n del Siervo de Dios Pablo Mu\u00f1oz Vega (1903-1994), jesuita, rector de la Pontificia Universidad Gregoriana, arzobispo de Quito y cardenal de la Iglesia. Hombre profundamente sabio y humilde, que marc\u00f3 la vida nacional con su actitud evang\u00e9lica y su palabra iluminadora. Esperamos que su figura ejemplar inspire a todo el pueblo cat\u00f3lico y contribuya tambi\u00e9n, a nivel social, al aprecio por las actitudes de reconciliaci\u00f3n y fraternidad que lo caracterizaron. As\u00ed mismo, nos alegran los procesos de canonizaci\u00f3n de Monse\u00f1or Alejandro Labaka y la hermana In\u00e9s, que dieron su vida por el Evangelio en el Oriente ecuatoriano, como tambi\u00e9n el proceso de Monse\u00f1or Juan Larrea Holgu\u00edn, jurista y pastor.<\/p>\n<p style=\"text-align: justify\">Agradecemos al Papa Francisco por el rico Magisterio de la Exhortaci\u00f3n Apost\u00f3lica Amoris Laetitia, donde redescubrimos la belleza del plan de Dios sobre el matrimonio y el don de la familia para la sociedad, as\u00ed como proponer m\u00faltiples iniciativas de atenci\u00f3n y promoci\u00f3n de la familia en su contexto y problem\u00e1tica actual.<\/p>\n<p style=\"text-align: justify\">Queremos participar en las alegr\u00edas y esperanzas, en las penas y angustias de nuestro pueblo para mostrarles fielmente el camino de la salvaci\u00f3n y junto con ellos avanzar en el camino del Reino.<\/p>\n<p style=\"text-align: justify\">Invocamos a la Sant\u00edsima Virgen Mar\u00eda, Madre de Misericordia, para que contin\u00fae bendici\u00e9ndonos y nos alcance de su hijo Jes\u00fas todas las gracias necesarias para que la Misericordia de Dios llegue a todos los ecuatorianos.<\/p>\n<p><span class=\"et_bloom_bottom_trigger\"><\/span><\/p>\n<p><a href=\"https:\/\/es.zenit.org\/\" target=\"_blank\" rel=\"nofollow\">Fuente: es.zenit.org<\/a><\/p>\n","protected":false},"excerpt":{"rendered":"<p>(ZENIT- Roma).-La Conferencia Episcopal de Ecuador (CEC) concluy\u00f3 su 139 Asamblea Plenaria recordando que \u201cen uni\u00f3n al Papa Francisco, hemos iniciado el &#8216;A\u00f1o de la Misericordia&#8217; con la apertura de las puertas santas&#8221;, sin olvidar \u201cel profundo dolor por las tribulaciones y la dram\u00e1tica situaci\u00f3n de nuestros hermanos en la fe en diferentes partes del &hellip; <a href=\"https:\/\/www.biblia.work\/noticias\/ecuador-los-obispos-piden-dialogo-y-leal-cooperacion\/\" class=\"more-link\">Continuar leyendo<span class=\"screen-reader-text\"> \u00abEcuador: Los obispos piden di\u00e1logo y leal cooperaci\u00f3n\u00bb<\/span><\/a><\/p>\n","protected":false},"author":1,"featured_media":0,"comment_status":"open","ping_status":"closed","sticky":false,"template":"","format":"standard","meta":{"footnotes":""},"categories":[1],"tags":[],"class_list":["post-2655","post","type-post","status-publish","format-standard","hentry","category-general"],"_links":{"self":[{"href":"https:\/\/www.biblia.work\/noticias\/wp-json\/wp\/v2\/posts\/2655","targetHints":{"allow":["GET"]}}],"collection":[{"href":"https:\/\/www.biblia.work\/noticias\/wp-json\/wp\/v2\/posts"}],"about":[{"href":"https:\/\/www.biblia.work\/noticias\/wp-json\/wp\/v2\/types\/post"}],"author":[{"embeddable":true,"href":"https:\/\/www.biblia.work\/noticias\/wp-json\/wp\/v2\/users\/1"}],"replies":[{"embeddable":true,"href":"https:\/\/www.biblia.work\/noticias\/wp-json\/wp\/v2\/comments?post=2655"}],"version-history":[{"count":0,"href":"https:\/\/www.biblia.work\/noticias\/wp-json\/wp\/v2\/posts\/2655\/revisions"}],"wp:attachment":[{"href":"https:\/\/www.biblia.work\/noticias\/wp-json\/wp\/v2\/media?parent=2655"}],"wp:term":[{"taxonomy":"category","embeddable":true,"href":"https:\/\/www.biblia.work\/noticias\/wp-json\/wp\/v2\/categories?post=2655"},{"taxonomy":"post_tag","embeddable":true,"href":"https:\/\/www.biblia.work\/noticias\/wp-json\/wp\/v2\/tags?post=2655"}],"curies":[{"name":"wp","href":"https:\/\/api.w.org\/{rel}","templated":true}]}}