{"id":2657,"date":"2016-04-12T05:15:02","date_gmt":"2016-04-12T10:15:02","guid":{"rendered":"http:\/\/www.biblia.work\/noticias\/el-papa-en-sta-marta-existe-una-persecucion-disfrazada-de-cultura-modernidad-y-progreso\/"},"modified":"2016-04-12T05:15:02","modified_gmt":"2016-04-12T10:15:02","slug":"el-papa-en-sta-marta-existe-una-persecucion-disfrazada-de-cultura-modernidad-y-progreso","status":"publish","type":"post","link":"https:\/\/www.biblia.work\/noticias\/el-papa-en-sta-marta-existe-una-persecucion-disfrazada-de-cultura-modernidad-y-progreso\/","title":{"rendered":"El Papa en Sta. Marta: \u2018Existe una persecuci\u00f3n disfrazada de cultura, modernidad y progreso\u2019"},"content":{"rendered":"<p style=\"text-align: justify\">(ZENIT &#8211; Ciudad del Vaticano).- &#8220;<span style=\"font-weight: 400\">La persecuci\u00f3n es el pan de cada d\u00eda en\u00a0la Iglesia. As\u00ed lo ha asegurado el papa Francisco en la homil\u00eda de la misa matutina celebrada este martes\u00a0en Santa Marta. Como le sucedi\u00f3 a Esteban, el primer m\u00e1rtir, o a los \u201cpeque\u00f1os m\u00e1rtires\u201d asesinados por Herodes; tambi\u00e9n hoy muchos cristianos son asesinados por la fe en Cristo y otros incluso\u00a0son perseguidos \u201ceducadamente\u201d porque quieren manifestar el valor del ser \u201chijos de Dios\u201d. <\/span><\/p>\n<p style=\"text-align: justify\"><span style=\"font-weight: 400\">Existen persecuciones sanguinarias, ha observado, como ser devorados por fieras para la alegr\u00eda del p\u00fablico en las gradas o saltar por los aires debido a\u00a0una bomba a la salida de misa. <\/span><\/p>\n<p style=\"text-align: justify\"><span style=\"font-weight: 400\">Del mismo modo, ha hablado de las persecuciones de guante blanco, amamantadas \u201cde cultura\u201d, esas que te env\u00edan a una esquina de la sociedad, que llegan a quitarte el trabajo si no te adecuas a leyes que \u201cvan contra Dios Creador\u201d.<\/span><\/p>\n<p style=\"text-align: justify\"><span style=\"font-weight: 400\">El pasaje del martirio de Esteban, descrito en el pasaje de los Hechos de los Ap\u00f3stoles propuesto por la liturgia del d\u00eda, lleva al Papa a hacer consideraciones conocidas y nuevas sobre una realidad que desde hace dos mil a\u00f1os es una historia dentro de la historia de la fe cristiana, la persecuci\u00f3n. <\/span><\/p>\n<p style=\"text-align: justify\"><span style=\"font-weight: 400\">De este modo, el Santo Padre ha considerado que la persecuci\u00f3n \u201ces el pan de cada d\u00eda en la Iglesia\u201d, Jes\u00fas lo ha dicho. As\u00ed, el Pont\u00edfice ha observado que cuando hacemos turismo por Roma y vemos el Coliseo, \u201cpensamos que los m\u00e1rtires eran esos asesinados por los leones\u201d. Pero &#8211;ha a\u00f1adido&#8211; los m\u00e1rtires no han sido solo esos o esos otros. \u201cSon hombres y mujeres de todos los d\u00edas: hoy, el d\u00eda de Pascua, hace apenas tres semanas\u2026 Esos cristianos que celebraban la Pascua en Pakist\u00e1n fueron martirizados precisamente porque celebraban al Cristo Resucitado. Y as\u00ed la historia de la Iglesia va adelante con sus m\u00e1rtires\u201d. <\/span><\/p>\n<p style=\"text-align: justify\"><span style=\"font-weight: 400\">En la homil\u00eda, Francisco ha explicado que el martirio de Esteban desencaden\u00f3 una cruel persecuci\u00f3n anticristiana en Jerusal\u00e9n an\u00e1loga a esas sufridas por quien hoy no es libre de profesar su fe en Jes\u00fas. <\/span><\/p>\n<p style=\"text-align: justify\"><span style=\"font-weight: 400\">Al respecto, el Santo Padre ha advertido de que hay otra persecuci\u00f3n de la que no se habla tanto, una persecuci\u00f3n \u201cdisfrazada de cultura, disfrazada de modernidad, disfrazada de progreso\u201d. <\/span><\/p>\n<p style=\"text-align: justify\"><span style=\"font-weight: 400\">Es una persecuci\u00f3n, ha definido el Papa un poco ir\u00f3nicamente como \u201ceducada\u201d. As\u00ed, ha explicado que este tipo de persecuci\u00f3n se da cuando se persigue al hombre no por confesar el nombre de Cristo, sino por querer tener y manifestar los valores del Hijo de Dios. \u201c\u00a1Es una persecuci\u00f3n contra Dios Creador en la persona de sus hijos!\u201d, ha exclamado. <\/span><\/p>\n<p style=\"text-align: justify\"><span style=\"font-weight: 400\">Por esta raz\u00f3n, el Santo Padre ha observado que todos los d\u00edas vemos que las potencias hacen leyes que obligan a ir sobre este camino y una naci\u00f3n que no sigue estas leyes &#8216;modernas&#8217;, &#8216;cultas&#8217;, o al menos que no quiere tenerlas en su legislaci\u00f3n, es acusada, perseguida educadamente. \u201cEs la persecuci\u00f3n que quita al hombre la libertad, tambi\u00e9n de la objeci\u00f3n de conciencia\u201d, ha precisado. <\/span><\/p>\n<p style=\"text-align: justify\"><span style=\"font-weight: 400\">En esta misma l\u00ednea, el Obispo de Roma ha indicado que esta es la persecuci\u00f3n del mundo que quita la libertad, mientras que Dios nos ha hecho libres de dar testimonio \u201cdel Padre que nos ha creado y de Cristo que nos ha salvado\u201d. \u00a0<\/span><span style=\"font-weight: 400\">Y el jefe de esta persecuci\u00f3n educada, ya Jes\u00fas indic\u00f3 qui\u00e9n es: el pr\u00edncipe de este mundo. <\/span><\/p>\n<p style=\"text-align: justify\"><span style=\"font-weight: 400\">\u201cY cuando las potencias quieren imponer actitudes, leyes contra la dignidad del Hijo de Dios, persiguen\u00a0a estos y van contra el Dios Creador. Es la gran apostas\u00eda. As\u00ed la vida de los cristianos va adelante con estas dos persecuciones. Tambi\u00e9n el Se\u00f1or nos ha prometido no alejarse de nosotros\u201d, ha concluido el Santo Padre.<\/span><\/p>\n<p style=\"text-align: justify\"><em>(Texto de Radio Vaticano, traducido y adaptado por ZENIT)<\/em><\/p>\n<p><span class=\"et_bloom_bottom_trigger\"><\/span><\/p>\n<p><a href=\"https:\/\/es.zenit.org\/\" target=\"_blank\" rel=\"nofollow\">Fuente: es.zenit.org<\/a><\/p>\n","protected":false},"excerpt":{"rendered":"<p>(ZENIT &#8211; Ciudad del Vaticano).- &#8220;La persecuci\u00f3n es el pan de cada d\u00eda en\u00a0la Iglesia. As\u00ed lo ha asegurado el papa Francisco en la homil\u00eda de la misa matutina celebrada este martes\u00a0en Santa Marta. Como le sucedi\u00f3 a Esteban, el primer m\u00e1rtir, o a los \u201cpeque\u00f1os m\u00e1rtires\u201d asesinados por Herodes; tambi\u00e9n hoy muchos cristianos son &hellip; <a href=\"https:\/\/www.biblia.work\/noticias\/el-papa-en-sta-marta-existe-una-persecucion-disfrazada-de-cultura-modernidad-y-progreso\/\" class=\"more-link\">Continuar leyendo<span class=\"screen-reader-text\"> \u00abEl Papa en Sta. Marta: \u2018Existe una persecuci\u00f3n disfrazada de cultura, modernidad y progreso\u2019\u00bb<\/span><\/a><\/p>\n","protected":false},"author":1,"featured_media":0,"comment_status":"open","ping_status":"closed","sticky":false,"template":"","format":"standard","meta":{"footnotes":""},"categories":[1],"tags":[],"class_list":["post-2657","post","type-post","status-publish","format-standard","hentry","category-general"],"_links":{"self":[{"href":"https:\/\/www.biblia.work\/noticias\/wp-json\/wp\/v2\/posts\/2657","targetHints":{"allow":["GET"]}}],"collection":[{"href":"https:\/\/www.biblia.work\/noticias\/wp-json\/wp\/v2\/posts"}],"about":[{"href":"https:\/\/www.biblia.work\/noticias\/wp-json\/wp\/v2\/types\/post"}],"author":[{"embeddable":true,"href":"https:\/\/www.biblia.work\/noticias\/wp-json\/wp\/v2\/users\/1"}],"replies":[{"embeddable":true,"href":"https:\/\/www.biblia.work\/noticias\/wp-json\/wp\/v2\/comments?post=2657"}],"version-history":[{"count":0,"href":"https:\/\/www.biblia.work\/noticias\/wp-json\/wp\/v2\/posts\/2657\/revisions"}],"wp:attachment":[{"href":"https:\/\/www.biblia.work\/noticias\/wp-json\/wp\/v2\/media?parent=2657"}],"wp:term":[{"taxonomy":"category","embeddable":true,"href":"https:\/\/www.biblia.work\/noticias\/wp-json\/wp\/v2\/categories?post=2657"},{"taxonomy":"post_tag","embeddable":true,"href":"https:\/\/www.biblia.work\/noticias\/wp-json\/wp\/v2\/tags?post=2657"}],"curies":[{"name":"wp","href":"https:\/\/api.w.org\/{rel}","templated":true}]}}