{"id":2661,"date":"2016-04-12T07:15:02","date_gmt":"2016-04-12T12:15:02","guid":{"rendered":"http:\/\/www.biblia.work\/noticias\/el-cardenal-hummes-destaca-el-empeno-de-la-iglesia-en-la-region-amazonica\/"},"modified":"2016-04-12T07:15:02","modified_gmt":"2016-04-12T12:15:02","slug":"el-cardenal-hummes-destaca-el-empeno-de-la-iglesia-en-la-region-amazonica","status":"publish","type":"post","link":"https:\/\/www.biblia.work\/noticias\/el-cardenal-hummes-destaca-el-empeno-de-la-iglesia-en-la-region-amazonica\/","title":{"rendered":"El cardenal Hummes destaca el empe\u00f1o de la Iglesia en la regi\u00f3n amaz\u00f3nica"},"content":{"rendered":"<p style=\"text-align: justify\">(ZENIT \u2013 Roma).- El cardenal Claudio Hummes, presidente de la Comisi\u00f3n episcopal para el Amazonas, y de la red eclesial pan-amaz\u00f3nica (Repam), indic\u00f3 a los obispos brasile\u00f1os reunidos en ocasi\u00f3n de la Asamblea Plenaria hasta el 15 de abril en Aparecida, que es necesario trabajar en la regi\u00f3n amaz\u00f3nica y dar a conocer el \u201crostro amaz\u00f3nico de la Iglesia\u201d.<\/p>\n<p style=\"text-align: justify\">La Plenaria de la Conferencia Episcopal Brasile\u00f1a est\u00e1 dedicada al papel de los laicos \u201csal de la tierra y luz del mundo\u201d, teniendo en cuenta\u00a0la dif\u00edcil situaci\u00f3n social del pa\u00eds, debido a una crisis m\u00e1s de \u00edndole moral que econ\u00f3mica, indic\u00f3 el diario del vaticano <em>L&#8217;Osservatore Romano<\/em>.<\/p>\n<p style=\"text-align: justify\">\u201cLa Iglesia tiene &#8211;dijo el cardenal&#8211; una deuda enorme con los ind\u00edgenas, que tienen que volver a ser protagonistas de su historia, incluida la religiosa\u201d. El desaf\u00edo se\u00f1alado se refiere a la poblaci\u00f3n ind\u00edgena situada en m\u00e1s de cincuenta di\u00f3cesis que corresponden a un territorio superior a la mitad de Brasil, y que ha visto un n\u00famero creciente de comunidades evang\u00e9licas y poblaciones ind\u00edgenas, hist\u00f3ricamente maltratadas y olvidadas por el resto de la sociedad.<\/p>\n<p style=\"text-align: justify\">Evidenciando los progresos de los \u00faltimos a\u00f1os, se\u00f1al\u00f3 el aumento del n\u00famero de los sacerdotes, religiosos, laicos y misioneros comprometidos con en el Amazonas. \u201cEste crecimiento se debe tambi\u00e9n a la formaci\u00f3n sacerdotal que ha promovido iniciativas de una Iglesia &#8216;en salida&#8217;, misericordiosa, hecha de pobres y para los pobres\u201d dijo.<\/p>\n<p style=\"text-align: justify\">Destac\u00f3 tambi\u00e9n el trabajo de la Repam, activa en siete de los nueve pa\u00edses del \u00e1rea amaz\u00f3nica, destinada a reforzar la acci\u00f3n evangelizadora en la regi\u00f3n, iniciativa dada en respuesta al llamado hecho por el papa Francisco en la Jornada Mundial de la Juventud.<\/p>\n<p style=\"text-align: justify\">Y ante la creciente urbanizaci\u00f3n del Amazonas, Hummes se\u00f1al\u00f3 la necesidad de escoger un modelo de desarrollo econ\u00f3mico que respete el ambiente, y denunci\u00f3 el caso de la isla de Maraj\u00f3, el estuario del r\u00edo Amazonas, donde se vive una situaci\u00f3n agravada por la pobreza, desempleo\u00a0y los abusos de menores.<\/p>\n<p><span class=\"et_bloom_bottom_trigger\"><\/span><\/p>\n<p><a href=\"https:\/\/es.zenit.org\/\" target=\"_blank\" rel=\"nofollow\">Fuente: es.zenit.org<\/a><\/p>\n","protected":false},"excerpt":{"rendered":"<p>(ZENIT \u2013 Roma).- El cardenal Claudio Hummes, presidente de la Comisi\u00f3n episcopal para el Amazonas, y de la red eclesial pan-amaz\u00f3nica (Repam), indic\u00f3 a los obispos brasile\u00f1os reunidos en ocasi\u00f3n de la Asamblea Plenaria hasta el 15 de abril en Aparecida, que es necesario trabajar en la regi\u00f3n amaz\u00f3nica y dar a conocer el \u201crostro &hellip; <a href=\"https:\/\/www.biblia.work\/noticias\/el-cardenal-hummes-destaca-el-empeno-de-la-iglesia-en-la-region-amazonica\/\" class=\"more-link\">Continuar leyendo<span class=\"screen-reader-text\"> \u00abEl cardenal Hummes destaca el empe\u00f1o de la Iglesia en la regi\u00f3n amaz\u00f3nica\u00bb<\/span><\/a><\/p>\n","protected":false},"author":1,"featured_media":0,"comment_status":"open","ping_status":"closed","sticky":false,"template":"","format":"standard","meta":{"footnotes":""},"categories":[1],"tags":[],"class_list":["post-2661","post","type-post","status-publish","format-standard","hentry","category-general"],"_links":{"self":[{"href":"https:\/\/www.biblia.work\/noticias\/wp-json\/wp\/v2\/posts\/2661","targetHints":{"allow":["GET"]}}],"collection":[{"href":"https:\/\/www.biblia.work\/noticias\/wp-json\/wp\/v2\/posts"}],"about":[{"href":"https:\/\/www.biblia.work\/noticias\/wp-json\/wp\/v2\/types\/post"}],"author":[{"embeddable":true,"href":"https:\/\/www.biblia.work\/noticias\/wp-json\/wp\/v2\/users\/1"}],"replies":[{"embeddable":true,"href":"https:\/\/www.biblia.work\/noticias\/wp-json\/wp\/v2\/comments?post=2661"}],"version-history":[{"count":0,"href":"https:\/\/www.biblia.work\/noticias\/wp-json\/wp\/v2\/posts\/2661\/revisions"}],"wp:attachment":[{"href":"https:\/\/www.biblia.work\/noticias\/wp-json\/wp\/v2\/media?parent=2661"}],"wp:term":[{"taxonomy":"category","embeddable":true,"href":"https:\/\/www.biblia.work\/noticias\/wp-json\/wp\/v2\/categories?post=2661"},{"taxonomy":"post_tag","embeddable":true,"href":"https:\/\/www.biblia.work\/noticias\/wp-json\/wp\/v2\/tags?post=2661"}],"curies":[{"name":"wp","href":"https:\/\/api.w.org\/{rel}","templated":true}]}}