{"id":2662,"date":"2016-04-12T08:15:02","date_gmt":"2016-04-12T13:15:02","guid":{"rendered":"http:\/\/www.biblia.work\/noticias\/comentario-a-la-liturgia-dominical-cuarto-domingo-de-pascua\/"},"modified":"2016-04-12T08:15:02","modified_gmt":"2016-04-12T13:15:02","slug":"comentario-a-la-liturgia-dominical-cuarto-domingo-de-pascua","status":"publish","type":"post","link":"https:\/\/www.biblia.work\/noticias\/comentario-a-la-liturgia-dominical-cuarto-domingo-de-pascua\/","title":{"rendered":"Comentario a la liturgia dominical \u2013 Cuarto domingo de Pascua"},"content":{"rendered":"<p style=\"text-align: justify\">&nbsp;<\/p>\n<p style=\"text-align: justify\">Antonio Rivero, L.C. Doctor en Teolog\u00eda Espiritual, profesor y director espiritual en el Centro de Humanidades Cl\u00e1sicas de la Legi\u00f3n de Cristo, en Monterrey (M\u00e9xico).<\/p>\n<p style=\"text-align: justify\"><strong>Idea principal<\/strong>: Veamos el coraz\u00f3n misericordioso de <em>Cristo, el Buen Pastor<\/em>. Y c\u00f3mo debemos ser las ovejas.<\/p>\n<p style=\"text-align: justify\"><strong>S\u00edntesis del mensaje:<\/strong> De las varias im\u00e1genes que intentan describir qui\u00e9n es Jes\u00fas para nosotros (Cordero, Se\u00f1or, Rey, Piedra angular, Luz, Verdad, Puerta\u2026.), en este domingo IV de Pascua se nos presenta <em>Jes\u00fas como el Buen Pastor<\/em>, siguiendo el cap\u00edtulo 10 del evangelio de Juan. <em>Pastor<\/em> que conoce, ama, alimenta, defiende y da la vida por las ovejas. Y las ovejas, por su parte, escuchan su voz y le siguen, es decir, le obedecen.<\/p>\n<p style=\"text-align: justify\"><strong>Puntos de la idea principal<\/strong>:<\/p>\n<p style=\"text-align: justify\"><strong><em>En primer lugar<\/em><\/strong>, Cristo es <em>Pastor para todos<\/em> (1\u00aa lectura). Para todo tipo de ovejas: sanas y enfermas, calmadas y rebeldes, nutridas y desnutridas, fuertes y d\u00e9biles, perniquebradas e \u00edntegras, perdidas o fieles, merinas y de buena lana o montesinas y de buena carne. Ovejas que \u00c9l conoce muy bien, las ama con ternura y misericordia, le siguen con alegr\u00eda, las alimenta diariamente con la vida eterna y las sacia en las fuentes de aguas vivas de los sacramentos y las defiende con el cayado de la Iglesia para que el lobo no las arrebate de su aprisco. Pastor que va delante, gui\u00e1ndonos el camino. Jes\u00fas nos conoce y nos ama, se adapta a cada uno, ayud\u00e1ndonos de acuerdo a nuestras necesidades y debilidades. En un reba\u00f1o, algunas ovejas son lentas y perezosas, otras son muy ansiosas y r\u00e1pidas; algunas est\u00e1n enfermas, otras cojas, algunas tienen tendencia a perderse, otras a desviarse. Jes\u00fas es cuidadoso en guiar a cada persona, con infinita compasi\u00f3n y misericordia, a los pastos de la vida verdadera y perdurable. Pastor que sabe que esas ovejas se las puso su Padre en las manos (evangelio).<\/p>\n<p style=\"text-align: justify\"><strong><em>En segundo lugar<\/em><\/strong>, <em>\u00bfcu\u00e1les son las condiciones para pertenecer al reba\u00f1o de Cristo Pastor de todos y para todos?<\/em> <em>\u201cMis ovejas escuchan mi voz\u2026y ellas me siguen\u201d. <\/em>Escuchar y seguir al Pastor. Escucharle con la inteligencia y seguirle con la voluntad. Escuchar su ense\u00f1anza, contenida en los santos evangelios y explicada por la Iglesia. Conocerlo con nuestra inteligencia y as\u00ed poder amarlo, tendiendo a \u00c9l con todo el impulso de nuestra voluntad. Quien se resiste a escuchar la voz de este Pastor camina decididamente hacia su propia perdici\u00f3n. Toda la Escritura es una reiterada invitaci\u00f3n a <em>escuchar<\/em>. En la primera lectura Pablo y Bernab\u00e9 hablan a la ciudad de Antioqu\u00eda y fueron muchos los que les escuchaban, tantos que provocaron la envidia y palabras injuriosas a quienes estaban con los o\u00eddos cerrados a la Buena Nueva de la resurrecci\u00f3n. Para escuchar a este Pastor se necesita humildad y silencio interior. Y para <em>seguir<\/em> la voz de ese Pastor se necesita docilidad, para dejarse moldear por su doctrina, volvi\u00e9ndose cera blanda en sus manos. Aqu\u00ed entra la labor del Esp\u00edritu Santo que va modelando en nosotros, si le dejamos, la imagen de Cristo, exhort\u00e1ndonos a salir de aquel vicio o pecado, de la mediocridad, de la tibieza, y a desprendernos del hombre terreno y aspirar a las cosas celestiales. Es preciso seguir al Pastor, es preciso seguir al Cordero dondequiera que vaya, haciendo nuestras sus palabras, teniendo su misma mente y coraz\u00f3n.<\/p>\n<p style=\"text-align: justify\"><strong><em>Finalmente<\/em><\/strong>, <em>Pastor<\/em>, <em>que antes fue Cordero<\/em> (2\u00aa lectura) <em>que se inmol\u00f3 en la Cruz para con su muerte darnos la vida eterna y abrirnos las puertas del cielo<\/em>. Ese Pastor tambi\u00e9n fue primero Cordero que se sacrific\u00f3 para purificar y santificar a todas las ovejas. Desde la fuente de los sacramentos nos salpica con su sangre bendita que nos limpia. \u00bfQu\u00e9 gan\u00f3 para nosotros este Cordero? La segunda lectura de hoy nos responde: nos prepar\u00f3 el camino para las praderas eternas, el cielo. Una enorme muchedumbre, imposible de contar, <em>\u201cformada por gente de todas las naciones, familias, pueblos y lenguas<\/em>\u201d. Todos est\u00e1n de pie, ante el trono del Cordero, con t\u00fanicas blancas y palmas en las manos, alab\u00e1ndole de manera incesante. All\u00ed, en el cielo, sus ovejas ya no padecer\u00e1n hambre ni sed, ni ser\u00e1n agobiadas por el sol y el calor, la injusticia y la maldad de los lobos. Ahora viven felices al lado del Pastor-Cordero. Y all\u00ed nadie nos arrebatar\u00e1 de las manos de su Padre celestial.<\/p>\n<p style=\"text-align: justify\"><strong>Para reflexionar:<\/strong> \u00a0\u00bfEstoy convencido que Cristo me quiere como soy, aun en mis momentos malos y defectuosos? \u00bfImito a Jes\u00fas el <em>Buen Pastor<\/em> en la educaci\u00f3n de mis hijos, o como profesor, y en todo lo que haga? \u00bfSoy oveja d\u00f3cil, receptiva o rebelde y arisca?<\/p>\n<p style=\"text-align: justify\"><strong>Para rezar<\/strong>: recemos el salmo 23<\/p>\n<p style=\"text-align: justify\"><em>El Se\u00f1or es mi pastor;<\/em><em><br \/>\nnada me falta.<br \/>\nEn verdes praderas me hace descansar,<br \/>\na las aguas tranquilas me conduce,<br \/>\nme da nuevas fuerzas<br \/>\ny me lleva por caminos rectos,<br \/>\nhaciendo honor a su nombre.<\/em><\/p>\n<p style=\"text-align: justify\"><em>Aunque pase por el m\u00e1s oscuro de los valles,<\/em><em><br \/>\nno temer\u00e9 peligro alguno,<br \/>\nporque t\u00fa, Se\u00f1or, est\u00e1s conmigo;<br \/>\ntu vara y tu bast\u00f3n me inspiran confianza.<\/em><\/p>\n<p style=\"text-align: justify\"><em>Me has preparado un banquete<\/em><em><br \/>\nante los ojos de mis enemigos;<br \/>\nhas vertido perfume en mi cabeza,<br \/>\ny has llenado mi copa a rebosar.<br \/>\nTu bondad y tu amor me acompa\u00f1an<br \/>\na lo largo de mis d\u00edas,<br \/>\ny en tu casa, oh Se\u00f1or, por siempre vivir\u00e9.<\/em><\/p>\n<p style=\"text-align: justify\">Cualquier sugerencia o duda pueden comunicarse con el padre Antonio a este email: <a target=\"_blank\" rel=\"nofollow\" href=\"mailto:arivero@legionaries.org\">arivero@legionaries.org<\/a><\/p>\n<p style=\"text-align: justify\">&nbsp;<\/p>\n<p style=\"text-align: justify\">&nbsp;<\/p>\n<p style=\"text-align: justify\">&nbsp;<\/p>\n<p><span class=\"et_bloom_bottom_trigger\"><\/span><\/p>\n<p><a href=\"https:\/\/es.zenit.org\/\" target=\"_blank\" rel=\"nofollow\">Fuente: es.zenit.org<\/a><\/p>\n","protected":false},"excerpt":{"rendered":"<p>&nbsp; Antonio Rivero, L.C. Doctor en Teolog\u00eda Espiritual, profesor y director espiritual en el Centro de Humanidades Cl\u00e1sicas de la Legi\u00f3n de Cristo, en Monterrey (M\u00e9xico). Idea principal: Veamos el coraz\u00f3n misericordioso de Cristo, el Buen Pastor. Y c\u00f3mo debemos ser las ovejas. S\u00edntesis del mensaje: De las varias im\u00e1genes que intentan describir qui\u00e9n es &hellip; <a href=\"https:\/\/www.biblia.work\/noticias\/comentario-a-la-liturgia-dominical-cuarto-domingo-de-pascua\/\" class=\"more-link\">Continuar leyendo<span class=\"screen-reader-text\"> \u00abComentario a la liturgia dominical \u2013 Cuarto domingo de Pascua\u00bb<\/span><\/a><\/p>\n","protected":false},"author":1,"featured_media":0,"comment_status":"open","ping_status":"closed","sticky":false,"template":"","format":"standard","meta":{"footnotes":""},"categories":[1],"tags":[],"class_list":["post-2662","post","type-post","status-publish","format-standard","hentry","category-general"],"_links":{"self":[{"href":"https:\/\/www.biblia.work\/noticias\/wp-json\/wp\/v2\/posts\/2662","targetHints":{"allow":["GET"]}}],"collection":[{"href":"https:\/\/www.biblia.work\/noticias\/wp-json\/wp\/v2\/posts"}],"about":[{"href":"https:\/\/www.biblia.work\/noticias\/wp-json\/wp\/v2\/types\/post"}],"author":[{"embeddable":true,"href":"https:\/\/www.biblia.work\/noticias\/wp-json\/wp\/v2\/users\/1"}],"replies":[{"embeddable":true,"href":"https:\/\/www.biblia.work\/noticias\/wp-json\/wp\/v2\/comments?post=2662"}],"version-history":[{"count":0,"href":"https:\/\/www.biblia.work\/noticias\/wp-json\/wp\/v2\/posts\/2662\/revisions"}],"wp:attachment":[{"href":"https:\/\/www.biblia.work\/noticias\/wp-json\/wp\/v2\/media?parent=2662"}],"wp:term":[{"taxonomy":"category","embeddable":true,"href":"https:\/\/www.biblia.work\/noticias\/wp-json\/wp\/v2\/categories?post=2662"},{"taxonomy":"post_tag","embeddable":true,"href":"https:\/\/www.biblia.work\/noticias\/wp-json\/wp\/v2\/tags?post=2662"}],"curies":[{"name":"wp","href":"https:\/\/api.w.org\/{rel}","templated":true}]}}