{"id":2668,"date":"2016-04-12T11:10:02","date_gmt":"2016-04-12T16:10:02","guid":{"rendered":"http:\/\/www.biblia.work\/noticias\/crecimiento-de-ateos-preocupa-a-la-iglesia-catolica\/"},"modified":"2016-04-12T11:10:02","modified_gmt":"2016-04-12T16:10:02","slug":"crecimiento-de-ateos-preocupa-a-la-iglesia-catolica","status":"publish","type":"post","link":"https:\/\/www.biblia.work\/noticias\/crecimiento-de-ateos-preocupa-a-la-iglesia-catolica\/","title":{"rendered":"Crecimiento de ateos preocupa a la Iglesia Cat\u00f3lica"},"content":{"rendered":"<p style=\"text-align: justify\">BRASIL. &#8211; De acuerdo con el diario El Estado de Sao Paulo, el crecimiento en el n\u00famero de ateos en Brasil preocupa a la direcci\u00f3n de la Iglesia Cat\u00f3lica. Los datos de una encuesta, revelada durante la 54 \u00aa Asamblea General de la Conferencia Nacional de Obispos de Brasil (CNBB), que se est\u00e1 realizando en Aparecida (Sao Paulo), muestran que el 8,9% de la poblaci\u00f3n se declaran ateos.<\/p>\n<p style=\"text-align: justify\">El \u00faltimo n\u00famero oficial de los brasile\u00f1os que dicen ser &#8220;sin religi\u00f3n&#8221; es del 7,9%, seg\u00fan el censo de 2010. De acuerdo con la CNBB, la proporci\u00f3n se elev\u00f3 al 8,9% en 2014.<\/p>\n<p style=\"text-align: justify\">Tal vez por la falta de informaci\u00f3n (o mala fe), el Estado afirma que estos &#8220;sin religi\u00f3n&#8221; son ateos. De hecho, de acuerdo con el IBGE, en 2010, los ateos y los agn\u00f3sticos s\u00f3lo totalizaron 740.000 de una poblaci\u00f3n de 190 millones de personas (0,39%).<\/p>\n<p style=\"text-align: justify\">Sin duda el aumento de los &#8220;sin religi\u00f3n&#8221;, era algo ya previsto por los estudiosos de las religiones en el pa\u00eds. De hecho, se deduce una tendencia global. Esto no significa que la persona que no cree en Dios, no se identifica con ninguna forma de religi\u00f3n organizada.<\/p>\n<p style=\"text-align: justify\">Para el obispo de Santo Andr\u00e9, Don Pedro Cipollini, de la Comisi\u00f3n de Doctrina y Fe de la CNBB, atribuye esta situaci\u00f3n, al efecto de aumentar el pluralismo religioso. &#8220;Durante 400 a\u00f1os, todos en Brasil fueron cat\u00f3licos, como lo demuestra la historia. Hoy en d\u00eda vivimos en un r\u00e9gimen democr\u00e1tico tambi\u00e9n en la religi\u00f3n y es natural que, con m\u00e1s opciones, haya una distribuci\u00f3n&#8221;, dijo.<\/p>\n<p style=\"text-align: justify\"><a target=\"_blank\" rel=\"nofollow\" href=\"http:\/\/brasil.estadao.com.br\/noticias\/geral,aumento-do-numero-de-ateus-no-pais-ja-preocupa-igreja-catolica,1853820\">Seg\u00fan<\/a> los obispos cat\u00f3licos, los ateos brasile\u00f1os no son agresivos hasta el punto de hacer campa\u00f1a en contra de aquellos que creen en Dios. Obviamente, no se da cuentan del creciente n\u00famero de campa\u00f1as en las redes sociales en contra de la religi\u00f3n, en particular contra los evang\u00e9licos.<\/p>\n<p style=\"text-align: justify\">Don Pedro Cipollini reconoce, sin embargo, que este aumento es un resultado directo de la &#8220;ideolog\u00eda marxista&#8221; que tom\u00f3 en cuenta la educaci\u00f3n en Brasil en los \u00faltimos a\u00f1os. Promovida por el partido que ahora ostenta el poder, en no permitir hablar de Dios en el proceso educativo.<\/p>\n<p style=\"text-align: justify\">&#8220;Vivimos en un Estado laico, que es perjudicial, porque proh\u00edbe hablar de Dios, que es un elemento constitutivo de naturaleza humana&#8221;, critica.<\/p>\n<p style=\"text-align: justify\">Para el l\u00edder cat\u00f3lico, &#8220;si no hacemos nada, ser\u00e1 prohibido hablar de religi\u00f3n y no se puede educar a una persona por no mencionar el aspecto religioso&#8221;.<\/p>\n<p style=\"text-align: justify\">La entrada <a rel=\"nofollow\" href=\"http:\/\/www.noticiacristiana.com\/ciencia_tecnologia\/estudios\/2016\/04\/crecimiento-ateos-iglesia-catolica.html\">Crecimiento de ateos preocupa a la Iglesia Cat\u00f3lica<\/a> aparece primero en <a rel=\"nofollow\" href=\"http:\/\/www.noticiacristiana.com\">NoticiaCristiana.com<\/a>.<\/p>\n","protected":false},"excerpt":{"rendered":"<p>BRASIL. &#8211; De acuerdo con el diario El Estado de Sao Paulo, el crecimiento en el n\u00famero de ateos en Brasil preocupa a la direcci\u00f3n de la Iglesia Cat\u00f3lica. Los datos de una encuesta, revelada durante la 54 \u00aa Asamblea General de la Conferencia Nacional de Obispos de Brasil (CNBB), que se est\u00e1 realizando en &hellip; <a href=\"https:\/\/www.biblia.work\/noticias\/crecimiento-de-ateos-preocupa-a-la-iglesia-catolica\/\" class=\"more-link\">Continuar leyendo<span class=\"screen-reader-text\"> \u00abCrecimiento de ateos preocupa a la Iglesia Cat\u00f3lica\u00bb<\/span><\/a><\/p>\n","protected":false},"author":1,"featured_media":0,"comment_status":"open","ping_status":"closed","sticky":false,"template":"","format":"standard","meta":{"footnotes":""},"categories":[1],"tags":[],"class_list":["post-2668","post","type-post","status-publish","format-standard","hentry","category-general"],"_links":{"self":[{"href":"https:\/\/www.biblia.work\/noticias\/wp-json\/wp\/v2\/posts\/2668","targetHints":{"allow":["GET"]}}],"collection":[{"href":"https:\/\/www.biblia.work\/noticias\/wp-json\/wp\/v2\/posts"}],"about":[{"href":"https:\/\/www.biblia.work\/noticias\/wp-json\/wp\/v2\/types\/post"}],"author":[{"embeddable":true,"href":"https:\/\/www.biblia.work\/noticias\/wp-json\/wp\/v2\/users\/1"}],"replies":[{"embeddable":true,"href":"https:\/\/www.biblia.work\/noticias\/wp-json\/wp\/v2\/comments?post=2668"}],"version-history":[{"count":0,"href":"https:\/\/www.biblia.work\/noticias\/wp-json\/wp\/v2\/posts\/2668\/revisions"}],"wp:attachment":[{"href":"https:\/\/www.biblia.work\/noticias\/wp-json\/wp\/v2\/media?parent=2668"}],"wp:term":[{"taxonomy":"category","embeddable":true,"href":"https:\/\/www.biblia.work\/noticias\/wp-json\/wp\/v2\/categories?post=2668"},{"taxonomy":"post_tag","embeddable":true,"href":"https:\/\/www.biblia.work\/noticias\/wp-json\/wp\/v2\/tags?post=2668"}],"curies":[{"name":"wp","href":"https:\/\/api.w.org\/{rel}","templated":true}]}}