{"id":2669,"date":"2016-04-12T11:15:02","date_gmt":"2016-04-12T16:15:02","guid":{"rendered":"http:\/\/www.biblia.work\/noticias\/la-santa-sede-las-armas-autonomas-letales-son-una-incitacion-progresiva-a-la-guerra\/"},"modified":"2016-04-12T11:15:02","modified_gmt":"2016-04-12T16:15:02","slug":"la-santa-sede-las-armas-autonomas-letales-son-una-incitacion-progresiva-a-la-guerra","status":"publish","type":"post","link":"https:\/\/www.biblia.work\/noticias\/la-santa-sede-las-armas-autonomas-letales-son-una-incitacion-progresiva-a-la-guerra\/","title":{"rendered":"La Santa Sede: las \u2018armas aut\u00f3nomas letales\u2019 son una incitaci\u00f3n progresiva a la guerra"},"content":{"rendered":"<p style=\"text-align: justify\"><span style=\"font-weight: 400\">(ZENIT &#8211; Roma).- Es necesario romper el c\u00edrculo vicioso de\u00a0la carrera a los armamentos m\u00e1s\u00a0avanzados tecnol\u00f3gicamente. Esta es la petici\u00f3n de monse\u00f1or Ivan Jurkovi\u010d, observador permanente de la Santa Sede en la ONU, en su intervenci\u00f3n \u00a0en el encuentro sobre armas letales aut\u00f3nomas, celebrada este lunes en Ginebra. <\/span><\/p>\n<p style=\"text-align: justify\">Los robots asesinos o m\u00e1quinas programadas para matar de forma independiente de cualquier operador\u00a0humano son la nueva frontera sobre la que\u00a0se discute desde este lunes en la sede de las Naciones Unidas\u00a0de Ginebra. Los drones a\u00fan son controlados, pero aparatos de este tipo\u00a0podr\u00edan llegar en breve a operar aut\u00f3nomamente de acuerdo a una programaci\u00f3n preestablecida. Son\u00a0las llamados LAWs (Lethal Autonomous Weapon Systems) o\u00a0Armas Aut\u00f3nomas Letales.<\/p>\n<p style=\"text-align: justify\"><span style=\"font-weight: 400\">\u00a0<\/span><span style=\"font-weight: 400\">El prelado ha apelado a\u00a0la prevenci\u00f3n como camino para evitar la difusi\u00f3n de estas armas. <\/span><span style=\"font-weight: 400\">La Santa Sede, informa Radio Vaticano, desea \u201cuna acci\u00f3n colectiva para detener el desarrollo y el uso de armas aut\u00f3nomas letales\u201d. Adem\u00e1s, monse\u00f1or Jurkovi\u010d ha advertido que \u201ccuando una reacci\u00f3n llega tarde\u201d, como en el caso de las armas qu\u00edmicas o nucleares, \u201cel coste en vidas humanas se vuelve\u00a0enorme\u201d. <\/span><\/p>\n<p style=\"text-align: justify\"><span style=\"font-weight: 400\">Por otro lado, el Observador vaticano ante la Onu de Ginebra ha subrayado que el uso de estas armas hiper-tecnol\u00f3gicas, no guiadas por el hombre \u201cno nos protege de los ataques o del terrorismo de cualquier tipo, perpetrado por personas que usan m\u00e9todos rudimentarios, sino que est\u00e1n preparadas para sacrificar <\/span>vidas\u201d. As\u00ed, ha a\u00f1adido que el equilibrio del terror nuclear, ha mostrado sus l\u00edmites y \u201ccon la b\u00fasqueda y el desarrollo de las armas aut\u00f3nomas letales, estamos todav\u00eda en una l\u00f3gica que no trae frutos\u201d.<\/p>\n<p style=\"text-align: justify\"><span style=\"font-weight: 400\">Monse\u00f1or Jurkovi\u010d ha aseverado que invertir en estas armas \u201cno contribuye a la defensa de la paz\u201d sino que representa \u201cuna incitaci\u00f3n progresiva a la guerra\u201d. Si queremos la paz &#8211;ha observado&#8211; debemos no solo evitar acumular armas, sino que debemos tambi\u00e9n convertir las mentes. <\/span><\/p>\n<p style=\"text-align: justify\"><span style=\"font-weight: 400\">Para concluir su intervenci\u00f3n, el diplom\u00e1tico vaticano ha subrayado que la paz debe nacer de la confianza mutua entre los pueblos y las naciones, no del terror de las armas. \u201cLa verdadera guerra que hay que vencer es por la justicia, los derechos humanos, el respeto de las minor\u00edas y el desarrollo integral\u201d.<\/span><\/p>\n<p><span class=\"et_bloom_bottom_trigger\"><\/span><\/p>\n<p><a href=\"https:\/\/es.zenit.org\/\" target=\"_blank\" rel=\"nofollow\">Fuente: es.zenit.org<\/a><\/p>\n","protected":false},"excerpt":{"rendered":"<p>(ZENIT &#8211; Roma).- Es necesario romper el c\u00edrculo vicioso de\u00a0la carrera a los armamentos m\u00e1s\u00a0avanzados tecnol\u00f3gicamente. Esta es la petici\u00f3n de monse\u00f1or Ivan Jurkovi\u010d, observador permanente de la Santa Sede en la ONU, en su intervenci\u00f3n \u00a0en el encuentro sobre armas letales aut\u00f3nomas, celebrada este lunes en Ginebra. Los robots asesinos o m\u00e1quinas programadas para &hellip; <a href=\"https:\/\/www.biblia.work\/noticias\/la-santa-sede-las-armas-autonomas-letales-son-una-incitacion-progresiva-a-la-guerra\/\" class=\"more-link\">Continuar leyendo<span class=\"screen-reader-text\"> \u00abLa Santa Sede: las \u2018armas aut\u00f3nomas letales\u2019 son una incitaci\u00f3n progresiva a la guerra\u00bb<\/span><\/a><\/p>\n","protected":false},"author":1,"featured_media":0,"comment_status":"open","ping_status":"closed","sticky":false,"template":"","format":"standard","meta":{"footnotes":""},"categories":[1],"tags":[],"class_list":["post-2669","post","type-post","status-publish","format-standard","hentry","category-general"],"_links":{"self":[{"href":"https:\/\/www.biblia.work\/noticias\/wp-json\/wp\/v2\/posts\/2669","targetHints":{"allow":["GET"]}}],"collection":[{"href":"https:\/\/www.biblia.work\/noticias\/wp-json\/wp\/v2\/posts"}],"about":[{"href":"https:\/\/www.biblia.work\/noticias\/wp-json\/wp\/v2\/types\/post"}],"author":[{"embeddable":true,"href":"https:\/\/www.biblia.work\/noticias\/wp-json\/wp\/v2\/users\/1"}],"replies":[{"embeddable":true,"href":"https:\/\/www.biblia.work\/noticias\/wp-json\/wp\/v2\/comments?post=2669"}],"version-history":[{"count":0,"href":"https:\/\/www.biblia.work\/noticias\/wp-json\/wp\/v2\/posts\/2669\/revisions"}],"wp:attachment":[{"href":"https:\/\/www.biblia.work\/noticias\/wp-json\/wp\/v2\/media?parent=2669"}],"wp:term":[{"taxonomy":"category","embeddable":true,"href":"https:\/\/www.biblia.work\/noticias\/wp-json\/wp\/v2\/categories?post=2669"},{"taxonomy":"post_tag","embeddable":true,"href":"https:\/\/www.biblia.work\/noticias\/wp-json\/wp\/v2\/tags?post=2669"}],"curies":[{"name":"wp","href":"https:\/\/api.w.org\/{rel}","templated":true}]}}