{"id":2684,"date":"2016-04-12T22:05:02","date_gmt":"2016-04-13T03:05:02","guid":{"rendered":"http:\/\/www.biblia.work\/noticias\/famosa-fontana-di-trevi-en-roma-se-tenira-de-rojo-por-martires-cristianos\/"},"modified":"2016-04-12T22:05:02","modified_gmt":"2016-04-13T03:05:02","slug":"famosa-fontana-di-trevi-en-roma-se-tenira-de-rojo-por-martires-cristianos","status":"publish","type":"post","link":"https:\/\/www.biblia.work\/noticias\/famosa-fontana-di-trevi-en-roma-se-tenira-de-rojo-por-martires-cristianos\/","title":{"rendered":"Famosa Fontana di Trevi en Roma se te\u00f1ir\u00e1 de rojo por m\u00e1rtires cristianos"},"content":{"rendered":"<p> ROMA, 12 Abr. 16 (ACI).-<br \/>\n\tEl 29 de abril la Fontana di Trevi, uno de los lugares tur&iacute;sticos y emblem&aacute;ticos de Roma en Italia, se te&ntilde;ir&aacute; de rojo en honor a los m&aacute;rtires cristianos.<\/p>\n<p style=\"text-align: justify\">\n\tEl evento es organizado por Ayuda a la Iglesia Necesitada (AIN) de Italia y busca &ldquo;llamar la atenci&oacute;n sobre el drama de la persecuci&oacute;n anticristiana&rdquo;.<\/p>\n<p style=\"text-align: justify\">\n\tEn un comunicado publicado en su sitio web, AIN manifest&oacute; que con esta iniciativa &ldquo;esperamos ser los precursores de una reacci&oacute;n duradera y concreta en cada lugar con el fin de que los perseguidos del siglo XXI puedan volver a tener tan pronto como sea posible un uso efectivo de su derecho natural a la libertad religiosa &quot;.<\/p>\n<p style=\"text-align: justify\">\n\tLos organizadores a&ntilde;adieron que &ldquo;la violaci&oacute;n sistem&aacute;tica del derecho a la libertad religiosa, sobre todo la de los cristianos, debe convertirse en un tema central en el debate p&uacute;blico&rdquo;.<\/p>\n<p style=\"text-align: justify\">\n\tEn el evento intervendr&aacute;n Mons. Antoine Audo, Obispo caldeo de Aleppo (Siria) y el Cardenal Mauro Piacenza, Presidente internacional de AIN.<\/p>\n<p style=\"text-align: justify\">\n\tIrak y Siria son dos de los pa&iacute;ses donde hay una grave persecuci&oacute;n a los cristianos.<\/p>\n<p style=\"text-align: justify\">\n\tEn Siria los cristianos est&aacute;n en medio del fuego del Estado Isl&aacute;mico, los grupo rebeldes y las fuerzas del gobierno. Miles de cristianos han dejado todo por negarse a rechazar su fe y muchos est&aacute;n en campamentos de refugiados donde viven en condiciones muy precarias.<\/p>\n<p style=\"text-align: justify\">\n\tHasta ahora se han adherido a la iniciativa varias asociaciones como Comuni&oacute;n y Liberaci&oacute;n, C&aacute;ritas Italia, el Movimiento Cristiano de Trabajadores, el Movimiento de los Focolares, organizaciones a favor de la vida, entre otros.<\/p>\n<p style=\"text-align: justify\">\n\tTambi&eacute;n te puede interesar:<\/p>\n<p style=\"text-align: justify\">\n\t\t[VIDEO] &ldquo;El silencio culpable&rdquo;: M&iacute;ralo y nunca callar&aacute;s ante persecuci&oacute;n de cristianos http:\/\/t.co\/8ILXAQbG7v<\/p>\n<p>\t&mdash; ACI Prensa (@aciprensa) 11 de junio de 2015<\/p>\n","protected":false},"excerpt":{"rendered":"<p>ROMA, 12 Abr. 16 (ACI).- El 29 de abril la Fontana di Trevi, uno de los lugares tur&iacute;sticos y emblem&aacute;ticos de Roma en Italia, se te&ntilde;ir&aacute; de rojo en honor a los m&aacute;rtires cristianos. El evento es organizado por Ayuda a la Iglesia Necesitada (AIN) de Italia y busca &ldquo;llamar la atenci&oacute;n sobre el drama &hellip; <a href=\"https:\/\/www.biblia.work\/noticias\/famosa-fontana-di-trevi-en-roma-se-tenira-de-rojo-por-martires-cristianos\/\" class=\"more-link\">Continuar leyendo<span class=\"screen-reader-text\"> \u00abFamosa Fontana di Trevi en Roma se te\u00f1ir\u00e1 de rojo por m\u00e1rtires cristianos\u00bb<\/span><\/a><\/p>\n","protected":false},"author":1,"featured_media":0,"comment_status":"open","ping_status":"closed","sticky":false,"template":"","format":"standard","meta":{"footnotes":""},"categories":[1],"tags":[],"class_list":["post-2684","post","type-post","status-publish","format-standard","hentry","category-general"],"_links":{"self":[{"href":"https:\/\/www.biblia.work\/noticias\/wp-json\/wp\/v2\/posts\/2684","targetHints":{"allow":["GET"]}}],"collection":[{"href":"https:\/\/www.biblia.work\/noticias\/wp-json\/wp\/v2\/posts"}],"about":[{"href":"https:\/\/www.biblia.work\/noticias\/wp-json\/wp\/v2\/types\/post"}],"author":[{"embeddable":true,"href":"https:\/\/www.biblia.work\/noticias\/wp-json\/wp\/v2\/users\/1"}],"replies":[{"embeddable":true,"href":"https:\/\/www.biblia.work\/noticias\/wp-json\/wp\/v2\/comments?post=2684"}],"version-history":[{"count":0,"href":"https:\/\/www.biblia.work\/noticias\/wp-json\/wp\/v2\/posts\/2684\/revisions"}],"wp:attachment":[{"href":"https:\/\/www.biblia.work\/noticias\/wp-json\/wp\/v2\/media?parent=2684"}],"wp:term":[{"taxonomy":"category","embeddable":true,"href":"https:\/\/www.biblia.work\/noticias\/wp-json\/wp\/v2\/categories?post=2684"},{"taxonomy":"post_tag","embeddable":true,"href":"https:\/\/www.biblia.work\/noticias\/wp-json\/wp\/v2\/tags?post=2684"}],"curies":[{"name":"wp","href":"https:\/\/api.w.org\/{rel}","templated":true}]}}