{"id":2687,"date":"2016-04-13T04:15:02","date_gmt":"2016-04-13T09:15:02","guid":{"rendered":"http:\/\/www.biblia.work\/noticias\/el-papa-pide-oraciones-por-su-viaje-a-lesbos\/"},"modified":"2016-04-13T04:15:02","modified_gmt":"2016-04-13T09:15:02","slug":"el-papa-pide-oraciones-por-su-viaje-a-lesbos","status":"publish","type":"post","link":"https:\/\/www.biblia.work\/noticias\/el-papa-pide-oraciones-por-su-viaje-a-lesbos\/","title":{"rendered":"El Papa pide oraciones por su viaje a Lesbos"},"content":{"rendered":"<p style=\"text-align: justify\"><span style=\"font-weight: 400\">(ZENIT &#8211; Ciudad del Vaticano).- El papa Francisco ha pedido oraciones por el viaje que realizar\u00e1 este s\u00e1bado a la isla de Lesbos. Tal y como ha recordado al final de la audiencia general, en este lugar de Grecia, en los meses pasados han llegado y pasado\u00a0muchos refugiados.<br \/>\n<\/span><\/p>\n<p style=\"text-align: justify\"><span style=\"font-weight: 400\">\u201cIr\u00e9 con mi hermano el patriarca de Constantinopla, Bartolom\u00e9, y el arzobispo de Atenas y de toda Grecia, Hieronymos, para expresar cercan\u00eda y solidaridad tanto a los refugiados como a los ciudadanos de Lesbos y a todo el pueblo griego\u201d, ha anunciado el Santo Padre. Por ello, ha pedido ser acompa\u00f1ado con la oraci\u00f3n, invocando \u201cla luz y la fuerza del Esp\u00edritu Santo y la materna intercesi\u00f3n de la Virgen Mar\u00eda\u201d. <\/span><\/p>\n<p style=\"text-align: justify\">La catequesis de esta semana, ha estado centrada en la narraci\u00f3n evang\u00e9lica de la llamada de Mateo.\u00a0<span style=\"font-weight: 400\">Y en el resumen hecho en espa\u00f1ol, Francisco ha se\u00f1alado que Mateo, por ser publicano es decir, un recaudador de impuestos en nombre del imperio romano, \u201cera considerado por los fariseos un pecador p\u00fablico\u201d. Jes\u00fas, en cambio, \u201cinvita a Mateo a seguirlo, y comparte su mesa con publicanos y pecadores, ofreciendo tambi\u00e9n a ellos la posibilidad de ser sus disc\u00edpulos\u201d, ha observado el Santo Padre.<\/span><\/p>\n<p style=\"text-align: justify\"><span style=\"font-weight: 400\">De este modo, ha precisado que \u201ccon estos gestos, les indica que no mira a su pasado, a su condici\u00f3n social o a los convencionalismos exteriores, sino que los recibe\u00a0con sencillez y les abre un futuro\u201d. Esta actitud de Jes\u00fas &#8211;ha se\u00f1alado&#8211; vale tambi\u00e9n para cada uno de nosotros: ser cristianos no nos hace impecables. <\/span><\/p>\n<p style=\"text-align: justify\"><span style=\"font-weight: 400\">Al respecto, el Santo Padre ha subrayado que \u201cla Iglesia no es una comunidad de perfectos, sino de disc\u00edpulos en camino, que siguen al Se\u00f1or porque se reconocen pecadores y necesitados de su perd\u00f3n\u201d. Por eso, ha a\u00f1adido que \u201cla vida cristiana es, pues, una escuela de humildad que se abre a la gracia, en la que se aprende a ver a nuestros hermanos a la luz del amor y de la misericordia del Padre\u201d.<\/span><\/p>\n<p style=\"text-align: justify\"><span style=\"font-weight: 400\">Nos reconforta contemplar a Jes\u00fas que no excluye a nadie. \u201c\u00c9l es el buen m\u00e9dico que se compadece de nuestras enfermedades. No hay ninguna que \u00e9l no pueda curar. Nos libra del miedo, de la muerte y del demonio\u201d, ha observado. Del mismo modo, ha aseverado que nos hace sus comensales, ofreci\u00e9ndonos la salvaci\u00f3n en la doble mesa de la Palabra y de la Eucarist\u00eda. Estas son las medicinas &#8211;ha concluido el Pont\u00edfice&#8211; con las que el Divino Maestro nos nutre, nos transforma y nos redime.<\/span><\/p>\n<p style=\"text-align: justify\"><span style=\"font-weight: 400\">A continuaci\u00f3n ha saludado a los peregrinos de lengua lengua espa\u00f1ola, en particular a los grupos provenientes de Espa\u00f1a y Latinoam\u00e9rica. &#8220;Que el Se\u00f1or Jes\u00fas &#8211;ha pedido&#8211; nos alcance con la gracia de mirar siempre a los dem\u00e1s con benevolencia y a reconocerlos como invitados a la mesa del Se\u00f1or, porque todos, sin excepci\u00f3n, tenemos necesidad de experimentar y de nutrirnos de su misericordia, que es fuente de la que brota nuestra salvaci\u00f3n&#8221;.<\/span><\/p>\n<p style=\"text-align: justify\"><span style=\"font-weight: 400\">Al\u00a0finalizar la audiencia, el Santo Padre ha dedicado un saludo particular a los j\u00f3venes, los enfermos y los reci\u00e9n casados, deseando que el anuncio pascual contin\u00fae haci\u00e9ndonos vivir el estupor de los disc\u00edpulos de Ema\u00fas. As\u00ed, a los j\u00f3venes les ha recordado que \u201csolo el Se\u00f1or Jes\u00fas sabe responder completamente a las aspiraciones de felicidad y de bien en vuestra vida\u201d. A los enfermos les ha asegurado: &#8220;No hay consolaci\u00f3n m\u00e1s bella a vuestro sufrimiento que la certeza de la Resurrecci\u00f3n de Cristo&#8221;. Finalmente, a los reci\u00e9n casados, les ha pedido que vivan &#8220;su matrimonio en adhesi\u00f3n concreta a Cristo y a las ense\u00f1anzas del Evangelio&#8221;. <\/span><\/p>\n<p><span class=\"et_bloom_bottom_trigger\"><\/span><\/p>\n<p><a href=\"https:\/\/es.zenit.org\/\" target=\"_blank\" rel=\"nofollow\">Fuente: es.zenit.org<\/a><\/p>\n","protected":false},"excerpt":{"rendered":"<p>(ZENIT &#8211; Ciudad del Vaticano).- El papa Francisco ha pedido oraciones por el viaje que realizar\u00e1 este s\u00e1bado a la isla de Lesbos. Tal y como ha recordado al final de la audiencia general, en este lugar de Grecia, en los meses pasados han llegado y pasado\u00a0muchos refugiados. \u201cIr\u00e9 con mi hermano el patriarca de &hellip; <a href=\"https:\/\/www.biblia.work\/noticias\/el-papa-pide-oraciones-por-su-viaje-a-lesbos\/\" class=\"more-link\">Continuar leyendo<span class=\"screen-reader-text\"> \u00abEl Papa pide oraciones por su viaje a Lesbos\u00bb<\/span><\/a><\/p>\n","protected":false},"author":1,"featured_media":0,"comment_status":"open","ping_status":"closed","sticky":false,"template":"","format":"standard","meta":{"footnotes":""},"categories":[1],"tags":[],"class_list":["post-2687","post","type-post","status-publish","format-standard","hentry","category-general"],"_links":{"self":[{"href":"https:\/\/www.biblia.work\/noticias\/wp-json\/wp\/v2\/posts\/2687","targetHints":{"allow":["GET"]}}],"collection":[{"href":"https:\/\/www.biblia.work\/noticias\/wp-json\/wp\/v2\/posts"}],"about":[{"href":"https:\/\/www.biblia.work\/noticias\/wp-json\/wp\/v2\/types\/post"}],"author":[{"embeddable":true,"href":"https:\/\/www.biblia.work\/noticias\/wp-json\/wp\/v2\/users\/1"}],"replies":[{"embeddable":true,"href":"https:\/\/www.biblia.work\/noticias\/wp-json\/wp\/v2\/comments?post=2687"}],"version-history":[{"count":0,"href":"https:\/\/www.biblia.work\/noticias\/wp-json\/wp\/v2\/posts\/2687\/revisions"}],"wp:attachment":[{"href":"https:\/\/www.biblia.work\/noticias\/wp-json\/wp\/v2\/media?parent=2687"}],"wp:term":[{"taxonomy":"category","embeddable":true,"href":"https:\/\/www.biblia.work\/noticias\/wp-json\/wp\/v2\/categories?post=2687"},{"taxonomy":"post_tag","embeddable":true,"href":"https:\/\/www.biblia.work\/noticias\/wp-json\/wp\/v2\/tags?post=2687"}],"curies":[{"name":"wp","href":"https:\/\/api.w.org\/{rel}","templated":true}]}}