{"id":2692,"date":"2016-04-13T07:15:02","date_gmt":"2016-04-13T12:15:02","guid":{"rendered":"http:\/\/www.biblia.work\/noticias\/sjr-la-visita-del-papa-a-lesbos-dara-visibilidad-a-la-situacion-de-los-refugiados\/"},"modified":"2016-04-13T07:15:02","modified_gmt":"2016-04-13T12:15:02","slug":"sjr-la-visita-del-papa-a-lesbos-dara-visibilidad-a-la-situacion-de-los-refugiados","status":"publish","type":"post","link":"https:\/\/www.biblia.work\/noticias\/sjr-la-visita-del-papa-a-lesbos-dara-visibilidad-a-la-situacion-de-los-refugiados\/","title":{"rendered":"SJR: La visita del Papa a Lesbos dar\u00e1 visibilidad a la situaci\u00f3n de los refugiados"},"content":{"rendered":"<p style=\"text-align: justify\">(ZENIT &#8211; Roma).- La visita del papa Francisco, este s\u00e1bado 16 de abril a la isla griega de Lesbos, un importante punto de tr\u00e1nsito, permitir\u00e1 profundizar la situaci\u00f3n de emergencia de los refugiados y la necesidad de cooperaci\u00f3n internacional entre los agentes gubernamentales y no gubernamentales.<\/p>\n<div id=\"attachment_67878\" style=\"width: 1510px\" class=\"wp-caption alignleft\"><img loading=\"lazy\" decoding=\"async\" class=\"size-full wp-image-67878\" src=\"https:\/\/es.zenit.org\/wp-content\/uploads\/2016\/04\/jrs-migrantes-llegan-a-Lesbos.jpg\" alt=\"Migrantes llegan a Lesbos\" width=\"1500\" height=\"1071\" \/><\/p>\n<p class=\"wp-caption-text\"><strong><em>Migrantes llegan a la isla de Lesbos el 26 de Enero 2016.<\/em><\/strong><em> (Foto cortes\u00eda JRS Europa, Darrin Zammit Lupi)<\/em><\/p>\n<\/div>\n<p style=\"text-align: justify\">&nbsp;<\/p>\n<p style=\"text-align: justify\">Lo indica el Servicio Jesuita a Refugiados (JRS) subrayando que el controvertido acuerdo reciente de la UE permite la devoluci\u00f3n a Turqu\u00eda de los refugiados y migrantes que llegan a las costas griegas. Por ello la visita del Papa no pod\u00eda llegar en un momento m\u00e1s cr\u00edtico, \u201cya que dicho acuerdo viola el derecho internacional y el principio de <em>non-refoulement<\/em>, o no devoluci\u00f3n de personas en necesidad de protecci\u00f3n\u201d indica el JRS.<\/p>\n<p style=\"text-align: justify\">Aparte de las 820.000 personas que entraron en Europa a trav\u00e9s de Grecia en 2015, m\u00e1s de 150.000 refugiados y migrantes han llegado ya a Grecia este a\u00f1o, m\u00e1s de la mitad de los cuales llegaron directamente a Lesbos. La agencia de la ONU para los refugiados ha anunciado que m\u00e1s de 22.000 menores no acompa\u00f1ados est\u00e1n atrapados en Grecia encarando un futuro incierto de posible violencia y explotaci\u00f3n.<\/p>\n<div id=\"attachment_67880\" style=\"width: 1262px\" class=\"wp-caption alignleft\"><img loading=\"lazy\" decoding=\"async\" class=\"size-full wp-image-67880\" src=\"https:\/\/es.zenit.org\/wp-content\/uploads\/2016\/04\/Migrantes-ni\u00f1os-cruzan-la-frontera-srj-Foto-Darrin-Zammit-Lupi-JRS-Europa.jpg\" alt=\"Ni\u00f1os migrantes cruzan la frontera (Foto SJR Sergi Camara -Croacia - 2015)\" width=\"1252\" height=\"916\" \/><\/p>\n<p class=\"wp-caption-text\"><em><strong>Ni\u00f1os migrantes cruzan la frontera<\/strong><\/em>\u00a0(Foto SJR Sergi Camara -Croacia &#8211; 2015)<\/p>\n<\/div>\n<p style=\"text-align: justify\">El director internacional del JRS, Thomas H. Smolich SJ, declar\u00f3: &#8220;En estos momentos en que las devoluciones parecen ser la soluci\u00f3n que est\u00e1 aplicando la UE, esperamos que la visita del Papa no sea solo un s\u00edmbolo de esperanza para los refugiados, sino un impulso concreto para que el gobierno griego y otros estados europeos hagan realidad esas esperanzas&#8221;.<\/p>\n<p style=\"text-align: justify\">El JRS recuerda que \u201cel papa Francisco tiene una historia de compromiso con el trabajo ecum\u00e9nico interreligioso, y as\u00ed seguir\u00e1 al estar acompa\u00f1ado de Bartolom\u00e9 I y Jer\u00f3nimo II, l\u00edderes de los cristianos ortodoxos y de la Iglesia ortodoxa griega, respectivamente, en su viaje\u201d. Y precisa que comprometido con la solidaridad y la cooperaci\u00f3n entre religiones, el JRS sirve a los m\u00e1s necesitados, independientemente de su religi\u00f3n o nacionalidad.<\/p>\n<p style=\"text-align: justify\">El JRS Grecia est\u00e1 presente en Atenas, con una peque\u00f1a presencia en Lesbos, ofreciendo ayuda de emergencia, y en Grecia coopera con la agencia de la ONU para los refugiados, el grupo ecum\u00e9nico &#8220;Iglesias Juntas&#8221;, la Iglesia Anglicana, el Ej\u00e9rcito de Salvaci\u00f3n y otras organizaciones religiosas, entre ellas la organizaci\u00f3n ortodoxa APOSTOLI, visitando y proporcionando alimentos, ropa y otros insumos b\u00e1sicos a los refugiados en campamentos, prisiones, centros de detenci\u00f3n y otros sitios.\u00e7<\/p>\n<div id=\"attachment_67881\" style=\"width: 1510px\" class=\"wp-caption alignleft\"><img loading=\"lazy\" decoding=\"async\" class=\"size-full wp-image-67881\" src=\"https:\/\/es.zenit.org\/wp-content\/uploads\/2016\/04\/Caminando-hacia-el-norte-de-Europa-la-frontera-Foto-SJR-Sergi-Camara-Croacia-2015.jpg\" alt=\"Caminando hacia el norte de Europa (Foto SJR Sergi Camara -Croacia - 2015\" width=\"1500\" height=\"1001\" \/><\/p>\n<p class=\"wp-caption-text\">Caminando hacia el norte de Europa (Foto SJR Sergi Camara -Croacia &#8211; 2015<\/p>\n<\/div>\n<p style=\"text-align: justify\">&#8220;Nadie opta por una v\u00eda tan arriesgada para abandonar su pa\u00eds a menos que tenga que hacerlo&#8221;, dijo Iva, una joven croata que trabaja para el JRS con los refugiados que han pasado por Grecia. &#8220;Vemos a personas de 80 a\u00f1os y m\u00e1s, a personas en sillas de ruedas&#8230; Quieren ver si tienen la suerte de escapar de una situaci\u00f3n de una muerte segura a una donde algunos sobrevivan. Decir que son migrantes econ\u00f3micos y prohibirles cruzar las fronteras es simplemente cerrar los ojos a problemas que existen desde hace muchos a\u00f1os&#8221;.<\/p>\n<p style=\"text-align: justify\">El comunicado concluye indicando tres puntos que el JRS considera como el camino que deben seguir los gobiernos en Europa:<\/p>\n<ul>\n<li>garantizar el acceso efectivo a la protecci\u00f3n a\u00a0todos los refugiados, independientemente de su nacionalidad;<\/li>\n<li>no detenerlos y dar atenci\u00f3n especial a las necesidades de las personas en situaci\u00f3n de riesgo, como son los menores no acompa\u00f1ados en tr\u00e1nsito;<\/li>\n<li>tomar en consideraci\u00f3n de manera individual los casos de asilo.<\/li>\n<\/ul>\n<p><span class=\"et_bloom_bottom_trigger\"><\/span><\/p>\n<p><a href=\"https:\/\/es.zenit.org\/\" target=\"_blank\" rel=\"nofollow\">Fuente: es.zenit.org<\/a><\/p>\n","protected":false},"excerpt":{"rendered":"<p>(ZENIT &#8211; Roma).- La visita del papa Francisco, este s\u00e1bado 16 de abril a la isla griega de Lesbos, un importante punto de tr\u00e1nsito, permitir\u00e1 profundizar la situaci\u00f3n de emergencia de los refugiados y la necesidad de cooperaci\u00f3n internacional entre los agentes gubernamentales y no gubernamentales. Migrantes llegan a la isla de Lesbos el 26 &hellip; <a href=\"https:\/\/www.biblia.work\/noticias\/sjr-la-visita-del-papa-a-lesbos-dara-visibilidad-a-la-situacion-de-los-refugiados\/\" class=\"more-link\">Continuar leyendo<span class=\"screen-reader-text\"> \u00abSJR: La visita del Papa a Lesbos dar\u00e1 visibilidad a la situaci\u00f3n de los refugiados\u00bb<\/span><\/a><\/p>\n","protected":false},"author":1,"featured_media":0,"comment_status":"open","ping_status":"closed","sticky":false,"template":"","format":"standard","meta":{"footnotes":""},"categories":[1],"tags":[],"class_list":["post-2692","post","type-post","status-publish","format-standard","hentry","category-general"],"_links":{"self":[{"href":"https:\/\/www.biblia.work\/noticias\/wp-json\/wp\/v2\/posts\/2692","targetHints":{"allow":["GET"]}}],"collection":[{"href":"https:\/\/www.biblia.work\/noticias\/wp-json\/wp\/v2\/posts"}],"about":[{"href":"https:\/\/www.biblia.work\/noticias\/wp-json\/wp\/v2\/types\/post"}],"author":[{"embeddable":true,"href":"https:\/\/www.biblia.work\/noticias\/wp-json\/wp\/v2\/users\/1"}],"replies":[{"embeddable":true,"href":"https:\/\/www.biblia.work\/noticias\/wp-json\/wp\/v2\/comments?post=2692"}],"version-history":[{"count":0,"href":"https:\/\/www.biblia.work\/noticias\/wp-json\/wp\/v2\/posts\/2692\/revisions"}],"wp:attachment":[{"href":"https:\/\/www.biblia.work\/noticias\/wp-json\/wp\/v2\/media?parent=2692"}],"wp:term":[{"taxonomy":"category","embeddable":true,"href":"https:\/\/www.biblia.work\/noticias\/wp-json\/wp\/v2\/categories?post=2692"},{"taxonomy":"post_tag","embeddable":true,"href":"https:\/\/www.biblia.work\/noticias\/wp-json\/wp\/v2\/tags?post=2692"}],"curies":[{"name":"wp","href":"https:\/\/api.w.org\/{rel}","templated":true}]}}