{"id":2693,"date":"2016-04-13T10:15:02","date_gmt":"2016-04-13T15:15:02","guid":{"rendered":"http:\/\/www.biblia.work\/noticias\/mexico-cada-9-minutos-un-menor-de-edad-es-victima-de-abuso-sexual\/"},"modified":"2016-04-13T10:15:02","modified_gmt":"2016-04-13T15:15:02","slug":"mexico-cada-9-minutos-un-menor-de-edad-es-victima-de-abuso-sexual","status":"publish","type":"post","link":"https:\/\/www.biblia.work\/noticias\/mexico-cada-9-minutos-un-menor-de-edad-es-victima-de-abuso-sexual\/","title":{"rendered":"M\u00e9xico: Cada 9 minutos un menor de edad es v\u00edctima de abuso sexual"},"content":{"rendered":"<p style=\"text-align: justify\">(ZENIT &#8211; Roma).- \u00a0<span style=\"font-weight: 400\">Cada 9 minutos un menor de edad\u00a0es v\u00edctima de abuso sexual en M\u00e9xico. En los \u00faltimos tres a\u00f1os ha crecido en un 31 por ciento el n\u00famero de denuncias\u00a0que se han hecho en colegios en este pa\u00eds.\u00a0<\/span><span style=\"font-weight: 400\">Ante estas cifra tan preocupante es necesario reaccionar, tanto de forma preventiva como en la ayuda a las v\u00edctimas. <\/span><\/p>\n<p style=\"text-align: justify\"><span style=\"font-weight: 400\">Eso pretende realizar la <\/span><span style=\"font-weight: 400\"><em>Escuela de Psicolog\u00eda de la Universidad An\u00e1huac,<\/em> M\u00e9xico sur, con el curso que ha organizado los d\u00edas 22 y 23 de abril: \u201cEl abuso sexual en nuestro entorno escolar, social y eclesi\u00e1stico\u201d.<\/span><\/p>\n<p style=\"text-align: justify\"><span style=\"font-weight: 400\">Tal y como explica a ZENIT Elena Barrero, directora de la Escuela de Psicolog\u00eda, el primer mensaje clave que quieren comunicar con este congreso es que dicho crimen cometido contra menores, ni\u00f1os o ni\u00f1as,\u00a0no sucede solamente en\u00a0la Iglesia, es un problema que se est\u00e1 dando en nuestro entorno y que por este motivo han elegido ese t\u00edtulo para el congreso. <\/span><\/p>\n<p style=\"text-align: justify\"><span style=\"font-weight: 400\">Es importante subrayar este aspecto &#8212; observa&#8211; porque en los medios de comunicaci\u00f3n y la opini\u00f3n \u00a0p\u00fablica parece que el tema de los abusos a menores a la \u00fanica instituci\u00f3n que afecta es a la Iglesia. <\/span><\/p>\n<p style=\"text-align: justify\"><span style=\"font-weight: 400\">En segundo lugar recuerda que cada a\u00f1o buscan \u201cun tema que sea de gran impacto en la sociedad y que tenemos que voltear a ver\u201d. Y al igual que otros a\u00f1os reflexionaron sobre la depresi\u00f3n, la ansiedad o la educaci\u00f3n del car\u00e1cter, este han sido el tema de los abusos sexuales. <\/span><\/p>\n<p style=\"text-align: justify\"><span style=\"font-weight: 400\">La tercera idea que ha ilustrado Barrero, es que el congreso busca en primer lugar ver \u201cun panorama de lo que est\u00e1 sucediendo\u201d y por eso hay una conferencia sobre los datos duros del abuso sexual en M\u00e9xico, un testimonio de una v\u00edctima. En segundo lugar se ver\u00e1 \u201cqu\u00e9 se est\u00e1 haciendo\u201d y por eso un sacerdote americano explicar\u00e1 c\u00f3mo est\u00e1 respondiendo la Iglesia a este tema, tambi\u00e9n se hablar\u00e1 de programas de prevenci\u00f3n que ya existen. Otro apartado ser\u00e1 el que analice c\u00f3mo es el perfil del abusador sexual, c\u00f3mo logran llegar hasta los menores, c\u00f3mo se podr\u00eda detectar esto en entrevistas, qu\u00e9 signos dan. <\/span><\/p>\n<p style=\"text-align: justify\"><span style=\"font-weight: 400\">El segundo d\u00eda se dedicar\u00e1 \u201ca la acci\u00f3n\u201d. Se dividir\u00e1n en tres talleres. Uno de ellos abordar\u00e1 el campo eclesial, otro hablar\u00e1 de los colegios y el \u00faltimo es espec\u00edficamente para terapeutas que tratar\u00e1 el manejo terape\u00fatico de personas que han sufrido abuso sexual. <\/span><\/p>\n<p style=\"text-align: justify\"><span style=\"font-weight: 400\">El \u00faltimo mensaje clave &#8211;precisa Barrero&#8211; es que queremos que el congreso sea un punto de lanzamiento, no solo una reflexi\u00f3n, para una asociaci\u00f3n que estamos creando que se llama <\/span><i><span style=\"font-weight: 400\">Reparare <\/span><\/i><span style=\"font-weight: 400\">y que despu\u00e9s de estos dos d\u00edas de an\u00e1lisis y de ver qu\u00e9 se podr\u00eda hacer y qu\u00e9 se realiza\u00a0haciendo equipo con las personas que vengan al congreso y ya trabajan de alguna manera en este \u00e1mbito. \u00a0<\/span><\/p>\n<p style=\"text-align: justify\"><span style=\"font-weight: 400\">Para m\u00e1s informaci\u00f3n <\/span><a target=\"_blank\" rel=\"nofollow\" href=\"http:\/\/www.uas.mx\/\"><span style=\"font-weight: 400\">www.uas.mx<\/span><\/a><\/p>\n<p><span class=\"et_bloom_bottom_trigger\"><\/span><\/p>\n<p><a href=\"https:\/\/es.zenit.org\/\" target=\"_blank\" rel=\"nofollow\">Fuente: es.zenit.org<\/a><\/p>\n","protected":false},"excerpt":{"rendered":"<p>(ZENIT &#8211; Roma).- \u00a0Cada 9 minutos un menor de edad\u00a0es v\u00edctima de abuso sexual en M\u00e9xico. En los \u00faltimos tres a\u00f1os ha crecido en un 31 por ciento el n\u00famero de denuncias\u00a0que se han hecho en colegios en este pa\u00eds.\u00a0Ante estas cifra tan preocupante es necesario reaccionar, tanto de forma preventiva como en la ayuda &hellip; <a href=\"https:\/\/www.biblia.work\/noticias\/mexico-cada-9-minutos-un-menor-de-edad-es-victima-de-abuso-sexual\/\" class=\"more-link\">Continuar leyendo<span class=\"screen-reader-text\"> \u00abM\u00e9xico: Cada 9 minutos un menor de edad es v\u00edctima de abuso sexual\u00bb<\/span><\/a><\/p>\n","protected":false},"author":1,"featured_media":0,"comment_status":"open","ping_status":"closed","sticky":false,"template":"","format":"standard","meta":{"footnotes":""},"categories":[1],"tags":[],"class_list":["post-2693","post","type-post","status-publish","format-standard","hentry","category-general"],"_links":{"self":[{"href":"https:\/\/www.biblia.work\/noticias\/wp-json\/wp\/v2\/posts\/2693","targetHints":{"allow":["GET"]}}],"collection":[{"href":"https:\/\/www.biblia.work\/noticias\/wp-json\/wp\/v2\/posts"}],"about":[{"href":"https:\/\/www.biblia.work\/noticias\/wp-json\/wp\/v2\/types\/post"}],"author":[{"embeddable":true,"href":"https:\/\/www.biblia.work\/noticias\/wp-json\/wp\/v2\/users\/1"}],"replies":[{"embeddable":true,"href":"https:\/\/www.biblia.work\/noticias\/wp-json\/wp\/v2\/comments?post=2693"}],"version-history":[{"count":0,"href":"https:\/\/www.biblia.work\/noticias\/wp-json\/wp\/v2\/posts\/2693\/revisions"}],"wp:attachment":[{"href":"https:\/\/www.biblia.work\/noticias\/wp-json\/wp\/v2\/media?parent=2693"}],"wp:term":[{"taxonomy":"category","embeddable":true,"href":"https:\/\/www.biblia.work\/noticias\/wp-json\/wp\/v2\/categories?post=2693"},{"taxonomy":"post_tag","embeddable":true,"href":"https:\/\/www.biblia.work\/noticias\/wp-json\/wp\/v2\/tags?post=2693"}],"curies":[{"name":"wp","href":"https:\/\/api.w.org\/{rel}","templated":true}]}}