{"id":2702,"date":"2016-04-13T12:15:03","date_gmt":"2016-04-13T17:15:03","guid":{"rendered":"http:\/\/www.biblia.work\/noticias\/vatileaks2-nuzzi-asegura-que-nunca-amenazo-a-monsenor-vallejo-para-obtener-documentos\/"},"modified":"2016-04-13T12:15:03","modified_gmt":"2016-04-13T17:15:03","slug":"vatileaks2-nuzzi-asegura-que-nunca-amenazo-a-monsenor-vallejo-para-obtener-documentos","status":"publish","type":"post","link":"https:\/\/www.biblia.work\/noticias\/vatileaks2-nuzzi-asegura-que-nunca-amenazo-a-monsenor-vallejo-para-obtener-documentos\/","title":{"rendered":"Vatileaks2: Nuzzi asegura que nunca amenaz\u00f3 a monse\u00f1or Vallejo para obtener documentos"},"content":{"rendered":"<p style=\"text-align: justify\">(ZENIT &#8211; Ciudad del Vaticano).-\u00a0<span style=\"font-weight: 400\">El juicio que se est\u00e1 celebrando en el Vaticano por robo y filtraci\u00f3n de documentos reservados sobre asuntos econ\u00f3micos de la Santa Sede, ha concluido este mi\u00e9rcoles la fase de interrogatorios a los imputados. La pr\u00f3xima audiencia ha sido fijada para el 26 de abril,\u00a0cuando\u00a0comenzar\u00e1n las declaraciones de los testigos. <\/span><\/p>\n<p style=\"text-align: justify\"><span style=\"font-weight: 400\">Hoy se ha realizado el interrogatorio al\u00a0periodista italiano Gianluigi Nuzzi, autor del libro <em>V\u00eda Crucis<\/em>. Antes de \u00e9l, en las audiencias anteriores\u00a0lo hicieron\u00a0los otros cuatro acusados: monse\u00f1or Lucio \u00c1ngel Vallejo Balda, Francesca Chaouqui, Nicola Maio y el tambi\u00e9n periodista Emiliano Fittipaldi. <\/span><\/p>\n<p style=\"text-align: justify\"><span style=\"font-weight: 400\">Al responder hoy a las preguntas del fiscal adjunto, el imputado Nuzzi ha confirmado que s\u00ed recibi\u00f3 contrase\u00f1as de acceso a documentos por parte del\u00a0monse\u00f1or espa\u00f1ol, tal y como confes\u00f3 \u00e9l mismo durante su interrogatorio. \u00a0<\/span><span style=\"font-weight: 400\">Es m\u00e1s, Nuzzi ha indicado que monse\u00f1or Vallejo se convirti\u00f3 en una especie de \u201ceditor\u201d de su libro, publicado el pasado mes de diciembre. <\/span><\/p>\n<p style=\"text-align: justify\"><span style=\"font-weight: 400\">Asimismo ha contado que conoci\u00f3 a monse\u00f1or Vallejo porque se lo present\u00f3 Francesca Chaouqui. Y ambos miembros de la extinta Cosea &#8211;comisi\u00f3n creada por el Santo Padre sobre la organizaci\u00f3n econ\u00f3mica administrativa de la Santa Sede&#8211; le transmitieron su preocupaci\u00f3n de que la reforma en asuntos econ\u00f3micos deseada por el Pont\u00edfice pod\u00eda ser ralentizada o incluso boicoteada. <\/span><\/p>\n<p style=\"text-align: justify\"><span style=\"font-weight: 400\">Nuzzi ha asegurado ante el juez que lo que hizo es lo que hubiera hecho cualquier periodista en su situaci\u00f3n: informar sobre asuntos de inter\u00e9s social sin poner en peligro secretos de Estado. Por otro lado ha precisado que para su libro V\u00eda Crucis utiliz\u00f3 diversas fuentes. <\/span><\/p>\n<p style=\"text-align: justify\"><span style=\"font-weight: 400\">Al preguntarle sobre el origen de un audio con la voz del papa Francisco del que habla en su libro, el periodista se ha acogido al secreto profesional. Adem\u00e1s, Nuzzi ha explicado que s\u00ed ha hablado de\u00a0las contrase\u00f1as que le facilit\u00f3 monse\u00f1or Vallejo porque en el momento en el que \u00e9l lo confes\u00f3, el secreto profesional ya no ten\u00eda sentido. <\/span><\/p>\n<p style=\"text-align: justify\"><span style=\"font-weight: 400\">Tambi\u00e9n respondiendo a las preguntas del fiscal adjunto, el periodista italiano ha asegurado que no ejerci\u00f3 ni presi\u00f3n ni amenaz\u00f3 al sacerdote espa\u00f1ol para recibir informaci\u00f3n. <\/span><\/p>\n<p style=\"text-align: justify\"><span style=\"font-weight: 400\">Respecto a Francesca Chaouqui y un mensaje de whatsapp que mand\u00f3 a monse\u00f1or Vallejo que Nuzzi ha definido como \u201casqueroso\u201d, ha observado: \u201ces bipolar\u201d. Y cuando se cre\u00f3 en el Vaticano la secretar\u00eda para la comunicaci\u00f3n, y Chaouqui no fue incluida, Nuzzi indic\u00f3: &#8220;mi valoraci\u00f3n profesional es que para ella fue una decepci\u00f3n, pero hab\u00eda organizado demasiados l\u00edos\u201d, opini\u00f3n que ha confirmado nuevamente hoy en el aula. <\/span><\/p>\n<p style=\"text-align: justify\"><span style=\"font-weight: 400\">Por otro lado, ha aseverado que a Emiliano Fittipaldi, al otro periodista imputado, le conoci\u00f3 el primer d\u00eda del juicio. Aunque s\u00ed se enter\u00f3, a finales del mes de junio de 2015, que estaba escribiendo un libro con el mismo argumento que el suyo. Por eso, hizo algunas investigaciones para saber m\u00e1s al respecto. <\/span><\/p>\n<p style=\"text-align: justify\"><span style=\"font-weight: 400\">Al finalizar el interrogatorio de Nuzzi y antes de dar por concluida la audiencia, algunos abogados han solicitado a la corte presentar nuevos testigos adem\u00e1s de los ya admitidos precedentemente. La corte se ha retirado a deliberar y finalmente ha rechazado la admisi\u00f3n de nuevos testigos. <\/span><\/p>\n<p><span class=\"et_bloom_bottom_trigger\"><\/span><\/p>\n<p><a href=\"https:\/\/es.zenit.org\/\" target=\"_blank\" rel=\"nofollow\">Fuente: es.zenit.org<\/a><\/p>\n","protected":false},"excerpt":{"rendered":"<p>(ZENIT &#8211; Ciudad del Vaticano).-\u00a0El juicio que se est\u00e1 celebrando en el Vaticano por robo y filtraci\u00f3n de documentos reservados sobre asuntos econ\u00f3micos de la Santa Sede, ha concluido este mi\u00e9rcoles la fase de interrogatorios a los imputados. La pr\u00f3xima audiencia ha sido fijada para el 26 de abril,\u00a0cuando\u00a0comenzar\u00e1n las declaraciones de los testigos. Hoy &hellip; <a href=\"https:\/\/www.biblia.work\/noticias\/vatileaks2-nuzzi-asegura-que-nunca-amenazo-a-monsenor-vallejo-para-obtener-documentos\/\" class=\"more-link\">Continuar leyendo<span class=\"screen-reader-text\"> \u00abVatileaks2: Nuzzi asegura que nunca amenaz\u00f3 a monse\u00f1or Vallejo para obtener documentos\u00bb<\/span><\/a><\/p>\n","protected":false},"author":1,"featured_media":0,"comment_status":"open","ping_status":"closed","sticky":false,"template":"","format":"standard","meta":{"footnotes":""},"categories":[1],"tags":[],"class_list":["post-2702","post","type-post","status-publish","format-standard","hentry","category-general"],"_links":{"self":[{"href":"https:\/\/www.biblia.work\/noticias\/wp-json\/wp\/v2\/posts\/2702","targetHints":{"allow":["GET"]}}],"collection":[{"href":"https:\/\/www.biblia.work\/noticias\/wp-json\/wp\/v2\/posts"}],"about":[{"href":"https:\/\/www.biblia.work\/noticias\/wp-json\/wp\/v2\/types\/post"}],"author":[{"embeddable":true,"href":"https:\/\/www.biblia.work\/noticias\/wp-json\/wp\/v2\/users\/1"}],"replies":[{"embeddable":true,"href":"https:\/\/www.biblia.work\/noticias\/wp-json\/wp\/v2\/comments?post=2702"}],"version-history":[{"count":0,"href":"https:\/\/www.biblia.work\/noticias\/wp-json\/wp\/v2\/posts\/2702\/revisions"}],"wp:attachment":[{"href":"https:\/\/www.biblia.work\/noticias\/wp-json\/wp\/v2\/media?parent=2702"}],"wp:term":[{"taxonomy":"category","embeddable":true,"href":"https:\/\/www.biblia.work\/noticias\/wp-json\/wp\/v2\/categories?post=2702"},{"taxonomy":"post_tag","embeddable":true,"href":"https:\/\/www.biblia.work\/noticias\/wp-json\/wp\/v2\/tags?post=2702"}],"curies":[{"name":"wp","href":"https:\/\/api.w.org\/{rel}","templated":true}]}}