{"id":2703,"date":"2016-04-13T12:15:03","date_gmt":"2016-04-13T17:15:03","guid":{"rendered":"http:\/\/www.biblia.work\/noticias\/chile-el-obispo-invita-al-dialogo-ante-la-escalada-de-violencia-en-temuco\/"},"modified":"2016-04-13T12:15:03","modified_gmt":"2016-04-13T17:15:03","slug":"chile-el-obispo-invita-al-dialogo-ante-la-escalada-de-violencia-en-temuco","status":"publish","type":"post","link":"https:\/\/www.biblia.work\/noticias\/chile-el-obispo-invita-al-dialogo-ante-la-escalada-de-violencia-en-temuco\/","title":{"rendered":"Chile: El obispo invita al di\u00e1logo ante la escalada de violencia en Temuco"},"content":{"rendered":"<p style=\"text-align: justify\">(ZENIT &#8211; Roma).- Un nuevo caso de una capilla cat\u00f3lica incendiada se ha registrado en la madrugada del martes en la zona de Antiquina, en la ciudad de Ca\u00f1ete, Regi\u00f3n del Biob\u00edo (Chile), seg\u00fan han informado medios locales y la agencia Fides.<\/p>\n<p style=\"text-align: justify\">En las \u00faltimas semanas se ha registrado en el sur de Chile una cronolog\u00eda de atentados y violencias que preocupan. El 2 de marzo los carabineros desalojaron el Seminario San Fidel ocupado por activistas mapuches que reclamaban las tierras sobre las cuales fue construido; el 8 de marzo fue quemado el santuario de San Sebasti\u00e1n; el 1 de abril queman la capilla de Santa Joaquina Ni\u00e1gara; el mismo d\u00eda quemaron el templo evang\u00e9lico Uni\u00f3n Cristiana; el 5 de abril dan fuego a la capilla Mahuidanche en Quepe; el 6 de abril ocurri\u00f3 lo mismo en\u00a0la sede usada como capilla en Collipulli, y la s\u00e9ptima capilla el martes.<\/p>\n<p style=\"text-align: justify\">Seg\u00fan la informaci\u00f3n de la polic\u00eda, \u00faltimo el incendio ha destruido por completo la estructura, que depend\u00eda de la parroquia \u201cNuestra Se\u00f1ora del Carmen\u201d. Al igual que en anteriores incendios de lugares de culto, tambi\u00e9n aqu\u00ed se ha encontrado un cartel escrito acusando a la Iglesia cat\u00f3lica de ser c\u00f3mplice del Estado contra el pueblo mapuche.<\/p>\n<p style=\"text-align: justify\">La nota recibida en la Agencia Fides por una fuente local recuerda que el 2 de marzo se desaloj\u00f3 el Seminario Mayor San Fidel, que pertenece a la Di\u00f3cesis de Villarrica, porque hab\u00eda sido ocupado por miembros de un grupo de activistas de las comunidades Mapuche Trapilhue, que reclaman la propiedad de la tierra en la que se encuentra el Seminario. El l\u00edder de este grupo ha declarado: \u201cla Iglesia ha demostrado ser un miembro m\u00e1s del Estado, y no habr\u00e1 paz hasta que la Iglesia no sea expulsada del territorio mapuche\u201d.<\/p>\n<p style=\"text-align: justify\">Tras esto comenz\u00f3\u00a0la quema de iglesias en la zona. A principios de abril tambi\u00e9n se quem\u00f3 la iglesia evang\u00e9lica de la Uni\u00f3n cristiana en Ercilla, y se encontraron panfletos con la inscripci\u00f3n: \u201cTodas las iglesias ser\u00e1n quemadas\u201d.<\/p>\n<p style=\"text-align: justify\">El obispo de Temuco, monse\u00f1or\u00a0Hector Eduardo Vargas, en una entrevista a un peri\u00f3dico local, ha explicado que \u201clas iglesias quemadas se encuentran ubicadas en las comunidades mapuches, tenemos que pensar que estas iglesias fueron construidas por ellos mismos.\u00a0Los mapuches, tales como el Grupo de los &#8216;loncos&#8217;, son los primeros animadores de las comunidades: dirigen el catecismo, son misioneros laicos, tienen incluso seminaristas. Ahora la gente tiene miedo. Estos ataques no s\u00f3lo afectan a la Iglesia, sino a la misma comunidad local\u201d. \u201cEl pueblo mapuche es profundamente religioso\u201d, dice el obispo, \u201cy la soluci\u00f3n definitiva parte del di\u00e1logo\u201d.<\/p>\n<p style=\"text-align: justify\">Por su parte el diario <em>Austral \u2013 Temuco<\/em>, se\u00f1ala que el obispo de la di\u00f3cesis de Villarica, Francisco Stegmeier, consider\u00f3: \u201cEs claro que nuestras comunidades cristianas est\u00e1n sufriendo persecuci\u00f3n religiosa a causa de Jesucristo\u201d. Y sobre un cartel dejado que le acusaba de \u201cc\u00f3mplice en la represi\u00f3n del Estado\u201d, y ped\u00eda \u201clibertad de los presos mapuches\u201d el obispo se\u00f1al\u00f3: \u201cNunca he recibido amenazas de nadie. Y si las hubiera, cosa que estoy seguro nunca acontecer\u00e1, no presentar\u00e9 denuncia\u201d. Pidi\u00f3 tambi\u00e9n orar por las v\u00edctimas y victimarios y manifest\u00f3 su solidaridad hacia los hermanos que sufren la p\u00e9rdida del templo.<\/p>\n<p style=\"text-align: justify\">En declaraciones a Radio Agricultura, el vicario general de la Di\u00f3cesis de Villarrica, padre Andr\u00e9s Maric\u00e1n, de origen mapuche, se refiri\u00f3 a los hechos que han afectado a la zona. As\u00ed, se\u00f1al\u00f3 que se tiende a generalizar y pensar que en la zona se vive en un caos que en realidad no es as\u00ed.<\/p>\n<p style=\"text-align: justify\">\u201cEs un grupo de hermanos mapuche que est\u00e1n realizando est\u00e1n acciones y que son efectos de una situaci\u00f3n de desconcierto (\u2026) porque el Estado chileno tiene una deuda hist\u00f3rica con el pueblo mapuche porque entre comillas se entiende la situaci\u00f3n\u201d, indic\u00f3 a Radio Agricultura.<\/p>\n<p><span class=\"et_bloom_bottom_trigger\"><\/span><\/p>\n<p><a href=\"https:\/\/es.zenit.org\/\" target=\"_blank\" rel=\"nofollow\">Fuente: es.zenit.org<\/a><\/p>\n","protected":false},"excerpt":{"rendered":"<p>(ZENIT &#8211; Roma).- Un nuevo caso de una capilla cat\u00f3lica incendiada se ha registrado en la madrugada del martes en la zona de Antiquina, en la ciudad de Ca\u00f1ete, Regi\u00f3n del Biob\u00edo (Chile), seg\u00fan han informado medios locales y la agencia Fides. En las \u00faltimas semanas se ha registrado en el sur de Chile una &hellip; <a href=\"https:\/\/www.biblia.work\/noticias\/chile-el-obispo-invita-al-dialogo-ante-la-escalada-de-violencia-en-temuco\/\" class=\"more-link\">Continuar leyendo<span class=\"screen-reader-text\"> \u00abChile: El obispo invita al di\u00e1logo ante la escalada de violencia en Temuco\u00bb<\/span><\/a><\/p>\n","protected":false},"author":1,"featured_media":0,"comment_status":"open","ping_status":"closed","sticky":false,"template":"","format":"standard","meta":{"footnotes":""},"categories":[1],"tags":[],"class_list":["post-2703","post","type-post","status-publish","format-standard","hentry","category-general"],"_links":{"self":[{"href":"https:\/\/www.biblia.work\/noticias\/wp-json\/wp\/v2\/posts\/2703","targetHints":{"allow":["GET"]}}],"collection":[{"href":"https:\/\/www.biblia.work\/noticias\/wp-json\/wp\/v2\/posts"}],"about":[{"href":"https:\/\/www.biblia.work\/noticias\/wp-json\/wp\/v2\/types\/post"}],"author":[{"embeddable":true,"href":"https:\/\/www.biblia.work\/noticias\/wp-json\/wp\/v2\/users\/1"}],"replies":[{"embeddable":true,"href":"https:\/\/www.biblia.work\/noticias\/wp-json\/wp\/v2\/comments?post=2703"}],"version-history":[{"count":0,"href":"https:\/\/www.biblia.work\/noticias\/wp-json\/wp\/v2\/posts\/2703\/revisions"}],"wp:attachment":[{"href":"https:\/\/www.biblia.work\/noticias\/wp-json\/wp\/v2\/media?parent=2703"}],"wp:term":[{"taxonomy":"category","embeddable":true,"href":"https:\/\/www.biblia.work\/noticias\/wp-json\/wp\/v2\/categories?post=2703"},{"taxonomy":"post_tag","embeddable":true,"href":"https:\/\/www.biblia.work\/noticias\/wp-json\/wp\/v2\/tags?post=2703"}],"curies":[{"name":"wp","href":"https:\/\/api.w.org\/{rel}","templated":true}]}}