{"id":2712,"date":"2016-04-13T16:05:03","date_gmt":"2016-04-13T21:05:03","guid":{"rendered":"http:\/\/www.biblia.work\/noticias\/aumentan-alumnos-de-religion-en-centros-publicos-de-espana\/"},"modified":"2016-04-13T16:05:03","modified_gmt":"2016-04-13T21:05:03","slug":"aumentan-alumnos-de-religion-en-centros-publicos-de-espana","status":"publish","type":"post","link":"https:\/\/www.biblia.work\/noticias\/aumentan-alumnos-de-religion-en-centros-publicos-de-espana\/","title":{"rendered":"Aumentan alumnos de Religi\u00f3n en centros p\u00fablicos de Espa\u00f1a"},"content":{"rendered":"<p> MADRID, 13 Abr. 16 (ACI).-<br \/>\n\tLa Comisi&oacute;n Episcopal de Ense&ntilde;anza y Catequesis en Espa&ntilde;a inform&oacute; que en los centros p&uacute;blicos el 53 por ciento de los alumnos cursan la asignatura de Religi&oacute;n, mientras que en los centros privados y concertados se ha registrado un peque&ntilde;o descenso.<\/p>\n<p style=\"text-align: justify\">\n\tSeg&uacute;n la informaci&oacute;n difundida de la Conferencia Episcopal Espa&ntilde;ola (CEE), los centros p&uacute;blicos de ense&ntilde;anza aumentaron el porcentaje de alumnos matriculados en Religi&oacute;n cat&oacute;lica del 51,9 al 53% en el presente curso 2015-2016.<\/p>\n<p style=\"text-align: justify\">\n\tDe los casi 6 millones de alumnos en todas las escuelas de Espa&ntilde;a m&aacute;s de 3,6 millones eligen la ense&ntilde;anza religiosa, lo que supone un 63 por ciento en total.<\/p>\n<p style=\"text-align: justify\">\n\t&ldquo;Contando con las dificultades por las que pasa la ense&ntilde;anza de Religi&oacute;n, el descenso global respecto al a&ntilde;o anterior (de medio punto en los centros privados) no es muy significativo&rdquo;, indica la Oficina de Prensa de la CEE.<\/p>\n<p style=\"text-align: justify\">\n\tEsa tendencia a la baja se debe a varios factores como &ldquo;la secularizaci&oacute;n que vive nuestro pa&iacute;s&rdquo; que &ldquo;introduce una censura de la dimensi&oacute;n religiosa de la persona humana&rdquo;.<\/p>\n<p style=\"text-align: justify\">\n\tEl n&uacute;mero de alumnos de Bachillerato que optan por la asignatura de Religi&oacute;n pas&oacute; del 41,2 al 49 por ciento en el total de los centros.<\/p>\n<p style=\"text-align: justify\">\n\tEn el caso de los de secundaria, se verific&oacute; un aumento del 53,9 al 55%, mientras que en Primaria pas&oacute; del 71,2 al 70%. En educaci&oacute;n infantil la variaci&oacute;n fue del 67,5 al 64 por ciento,<\/p>\n<p style=\"text-align: justify\">\n\tEl informe se realiz&oacute; con encuestas a las 69 di&oacute;cesis espa&ntilde;olas.<\/p>\n<p style=\"text-align: justify\">\n\tDesde la CEE aseguran que los padres y educadores cristianos &ldquo;deben adoptar una actitud positiva, no s&oacute;lo reclamando sus derechos a la hora de inscribir a sus hijos en la clase de religi&oacute;n, como establece la vigente legislaci&oacute;n, sino apoyando con su palabra y testimonio a sus hijos y educandos cuando, ante posturas contrarias a la dimensi&oacute;n religiosa de la persona y a la libertad de escoger la clase de religi&oacute;n&rdquo;.<\/p>\n<p style=\"text-align: justify\">\n\tAdem&aacute;s han recordado que &ldquo;la ense&ntilde;anza religiosa escolar forma parte del derecho de los padres a educar a sus hijos seg&uacute;n sus convicciones religiosas. A ellos corresponde la educaci&oacute;n de sus hijos y no al Estado&rdquo;.<\/p>\n<p style=\"text-align: justify\">\n\tLos Obispos tambi&eacute;n han animado a los padres de fe cristiana, para que inscriban &nbsp;a sus hijos en la asignatura de religi&oacute;n y agradecemos a los docentes de dicha asignatura su servicio a la formaci&oacute;n integral de los alumnos.<\/p>\n","protected":false},"excerpt":{"rendered":"<p>MADRID, 13 Abr. 16 (ACI).- La Comisi&oacute;n Episcopal de Ense&ntilde;anza y Catequesis en Espa&ntilde;a inform&oacute; que en los centros p&uacute;blicos el 53 por ciento de los alumnos cursan la asignatura de Religi&oacute;n, mientras que en los centros privados y concertados se ha registrado un peque&ntilde;o descenso. Seg&uacute;n la informaci&oacute;n difundida de la Conferencia Episcopal Espa&ntilde;ola &hellip; <a href=\"https:\/\/www.biblia.work\/noticias\/aumentan-alumnos-de-religion-en-centros-publicos-de-espana\/\" class=\"more-link\">Continuar leyendo<span class=\"screen-reader-text\"> \u00abAumentan alumnos de Religi\u00f3n en centros p\u00fablicos de Espa\u00f1a\u00bb<\/span><\/a><\/p>\n","protected":false},"author":1,"featured_media":0,"comment_status":"open","ping_status":"closed","sticky":false,"template":"","format":"standard","meta":{"footnotes":""},"categories":[1],"tags":[],"class_list":["post-2712","post","type-post","status-publish","format-standard","hentry","category-general"],"_links":{"self":[{"href":"https:\/\/www.biblia.work\/noticias\/wp-json\/wp\/v2\/posts\/2712","targetHints":{"allow":["GET"]}}],"collection":[{"href":"https:\/\/www.biblia.work\/noticias\/wp-json\/wp\/v2\/posts"}],"about":[{"href":"https:\/\/www.biblia.work\/noticias\/wp-json\/wp\/v2\/types\/post"}],"author":[{"embeddable":true,"href":"https:\/\/www.biblia.work\/noticias\/wp-json\/wp\/v2\/users\/1"}],"replies":[{"embeddable":true,"href":"https:\/\/www.biblia.work\/noticias\/wp-json\/wp\/v2\/comments?post=2712"}],"version-history":[{"count":0,"href":"https:\/\/www.biblia.work\/noticias\/wp-json\/wp\/v2\/posts\/2712\/revisions"}],"wp:attachment":[{"href":"https:\/\/www.biblia.work\/noticias\/wp-json\/wp\/v2\/media?parent=2712"}],"wp:term":[{"taxonomy":"category","embeddable":true,"href":"https:\/\/www.biblia.work\/noticias\/wp-json\/wp\/v2\/categories?post=2712"},{"taxonomy":"post_tag","embeddable":true,"href":"https:\/\/www.biblia.work\/noticias\/wp-json\/wp\/v2\/tags?post=2712"}],"curies":[{"name":"wp","href":"https:\/\/api.w.org\/{rel}","templated":true}]}}