{"id":2717,"date":"2016-04-14T05:15:02","date_gmt":"2016-04-14T10:15:02","guid":{"rendered":"http:\/\/www.biblia.work\/noticias\/el-papa-en-sta-marta-la-docilidad-al-espiritu-es-fuente-de-alegria\/"},"modified":"2016-04-14T05:15:02","modified_gmt":"2016-04-14T10:15:02","slug":"el-papa-en-sta-marta-la-docilidad-al-espiritu-es-fuente-de-alegria","status":"publish","type":"post","link":"https:\/\/www.biblia.work\/noticias\/el-papa-en-sta-marta-la-docilidad-al-espiritu-es-fuente-de-alegria\/","title":{"rendered":"El Papa en Sta. Marta: \u2018La docilidad al Esp\u00edritu es fuente de alegr\u00eda\u2019"},"content":{"rendered":"<p style=\"text-align: justify\"><span style=\"font-weight: 400\">(ZENIT &#8211; Ciudad del Vaticano).- Es necesario ser d\u00f3cil al Esp\u00edritu Santo y no mostrarle resistencia. As\u00ed lo ha asegurado el papa Francisco en la homil\u00eda de la misa matutina en Santa Marta. <\/span><span style=\"font-weight: 400\">El Papa ha advertido sobre los que justifican tal resistencia con una \u201cllamada fidelidad a la ley\u201d. Y de este modo, ha invitado a todos los fieles a pedir la gracia de la docilidad al Esp\u00edritu Santo. <\/span><\/p>\n<p style=\"text-align: justify\"><span style=\"font-weight: 400\">En la primera lectura de la liturgia del d\u00eda, se narra el pasaje de Felipe que evangeliza al et\u00edope, ministro de la reina Candace. De este modo, el Santo Padre ha tomado como referencia este episodio para hablar de la docilidad al Esp\u00edritu Santo. <\/span><\/p>\n<p style=\"text-align: justify\"><span style=\"font-weight: 400\">El protagonista de este encuentro no es tanto Felipe ni el et\u00edope, sino el Esp\u00edritu Santo, ha precisado. \u201cEs \u00c9l quien hace las cosas. Est\u00e1 el Esp\u00edritu que hace nacer y crecer la Iglesia\u201d, ha a\u00f1adido. <\/span><\/p>\n<p style=\"text-align: justify\"><span style=\"font-weight: 400\">Tal y como ha recordado el Pont\u00edfice, en los d\u00edas pasados la Iglesia nos ha propuesto el drama de la resistencia al Esp\u00edritu: los corazones cerrados, duros, tontos, que resisten al Esp\u00edritu. \u00a0\u201cVe\u00edamos las cosas &#8211;la sanaci\u00f3n del cojo hecha por Pedro y Juan en la Puerta del Templo; las palabras y las cosas grandes que hac\u00eda Estaban\u2026 &#8212; pero se quedaron cerrados a estos signos del Esp\u00edritu y han mostrado resistencia al Esp\u00edritu. Y buscaban justificar esta resistencia con una llamada fidelidad a la ley, es decir, a la lectura de la ley\u201d. <\/span><\/p>\n<p style=\"text-align: justify\"><span style=\"font-weight: 400\">Hoy &#8211;ha observado el Santo \u00a0Padre&#8211; la Iglesia nos propone lo opuesto: no la resistencia al Esp\u00edritu, sino la docilidad al Esp\u00edritu, que es precisamente la actitud del cristiano. \u201cSer d\u00f3cil al Esp\u00edritu y esta docilidad hace que el Esp\u00edritu pueda actuar e ir adelante para construir la Iglesia\u201d, ha exhortado. <\/span><\/p>\n<p style=\"text-align: justify\"><span style=\"font-weight: 400\">Por otro lado ha aseverado que aqu\u00ed estaba Felipe, \u201cocupado como todos los obispos y ese d\u00eda seguramente ten\u00eda sus planes de trabajo\u201d. Pero el Esp\u00edritu le dice que deje lo que ten\u00eda programado y vaya donde el et\u00edope, \u201cy \u00e9l obedeci\u00f3\u201d. <\/span><span style=\"font-weight: 400\">Y ha a\u00f1adido que el Esp\u00edritu \u201ctrabaja en el coraz\u00f3n del et\u00edope\u201d, le ofrece \u201cel don de la fe y este hombre sinti\u00f3 algo de nuevo en el coraz\u00f3n\u201d. Finalmente pide ser bautizado, es d\u00f3cil al Esp\u00edritu Santo. <\/span><\/p>\n<p style=\"text-align: justify\"><span style=\"font-weight: 400\">Dos hombres &#8211;ha explicado el Papa&#8211; un evangelizador y uno que no sab\u00eda nada de Jes\u00fas, pero el Esp\u00edritu hab\u00eda sembrado la curiosidad sana y no esa curiosidad de los chismorreos. Al\u00a0final el et\u00edope sigue su camino con alegr\u00eda, \u201cla alegr\u00eda del Esp\u00edritu, la docilidad al Esp\u00edritu\u201d. <\/span><\/p>\n<p style=\"text-align: justify\"><span style=\"font-weight: 400\">As\u00ed, ha asegurado que la docilidad al Esp\u00edritu es fuente de alegr\u00eda. \u201cPero yo quiero hacer algo, esto&#8230; Pero siento que el Se\u00f1or me pide otra cosa. \u00a1La alegr\u00eda la encontrar\u00e9 all\u00ed, donde est\u00e1 la llamada del Esp\u00edritu!\u201d, ha exclamado el Obispo de Roma en su homil\u00eda. <\/span><\/p>\n<p style=\"text-align: justify\"><span style=\"font-weight: 400\">A continuaci\u00f3n, el Santo Padre ha indicado que un bonita oraci\u00f3n para pedir esta docilidad se encuentra en el Primer Libro de Samuel, la oraci\u00f3n que el sacerdote El\u00edas sugiere al joven, que por la noche escucha una voz que lo llamaba: \u201cHabla Se\u00f1or, que tu siervo escucha\u201d. <\/span><\/p>\n<p style=\"text-align: justify\"><span style=\"font-weight: 400\">Para concluir ha indicado el Papa que esta es una bonita oraci\u00f3n que podemos hacer nosotros, siempre: Habla Se\u00f1or, porque yo escucho. <\/span><\/p>\n<p style=\"text-align: justify\"><span style=\"font-weight: 400\">La oraci\u00f3n para pedir esa docilidad al Esp\u00edritu Santo y con esta docilidad llevar adelante la Iglesia, ser instrumento del Esp\u00edritu para que la Iglesia pueda ir adelante. El Santo Padre ha sugerido hacer esta oraci\u00f3n varias veces al d\u00eda. \u201cCuando tengamos una duda, cuando no sabemos o cuando simplemente queramos rezar. Y con esta oraci\u00f3n pidamos la gracia de la docilidad del Esp\u00edritu Santo\u201d, ha indicado. <\/span><\/p>\n<p style=\"text-align: justify\">&nbsp;<\/p>\n<p><span class=\"et_bloom_bottom_trigger\"><\/span><\/p>\n<p><a href=\"https:\/\/es.zenit.org\/\" target=\"_blank\" rel=\"nofollow\">Fuente: es.zenit.org<\/a><\/p>\n","protected":false},"excerpt":{"rendered":"<p>(ZENIT &#8211; Ciudad del Vaticano).- Es necesario ser d\u00f3cil al Esp\u00edritu Santo y no mostrarle resistencia. As\u00ed lo ha asegurado el papa Francisco en la homil\u00eda de la misa matutina en Santa Marta. El Papa ha advertido sobre los que justifican tal resistencia con una \u201cllamada fidelidad a la ley\u201d. Y de este modo, ha &hellip; <a href=\"https:\/\/www.biblia.work\/noticias\/el-papa-en-sta-marta-la-docilidad-al-espiritu-es-fuente-de-alegria\/\" class=\"more-link\">Continuar leyendo<span class=\"screen-reader-text\"> \u00abEl Papa en Sta. Marta: \u2018La docilidad al Esp\u00edritu es fuente de alegr\u00eda\u2019\u00bb<\/span><\/a><\/p>\n","protected":false},"author":1,"featured_media":0,"comment_status":"open","ping_status":"closed","sticky":false,"template":"","format":"standard","meta":{"footnotes":""},"categories":[1],"tags":[],"class_list":["post-2717","post","type-post","status-publish","format-standard","hentry","category-general"],"_links":{"self":[{"href":"https:\/\/www.biblia.work\/noticias\/wp-json\/wp\/v2\/posts\/2717","targetHints":{"allow":["GET"]}}],"collection":[{"href":"https:\/\/www.biblia.work\/noticias\/wp-json\/wp\/v2\/posts"}],"about":[{"href":"https:\/\/www.biblia.work\/noticias\/wp-json\/wp\/v2\/types\/post"}],"author":[{"embeddable":true,"href":"https:\/\/www.biblia.work\/noticias\/wp-json\/wp\/v2\/users\/1"}],"replies":[{"embeddable":true,"href":"https:\/\/www.biblia.work\/noticias\/wp-json\/wp\/v2\/comments?post=2717"}],"version-history":[{"count":0,"href":"https:\/\/www.biblia.work\/noticias\/wp-json\/wp\/v2\/posts\/2717\/revisions"}],"wp:attachment":[{"href":"https:\/\/www.biblia.work\/noticias\/wp-json\/wp\/v2\/media?parent=2717"}],"wp:term":[{"taxonomy":"category","embeddable":true,"href":"https:\/\/www.biblia.work\/noticias\/wp-json\/wp\/v2\/categories?post=2717"},{"taxonomy":"post_tag","embeddable":true,"href":"https:\/\/www.biblia.work\/noticias\/wp-json\/wp\/v2\/tags?post=2717"}],"curies":[{"name":"wp","href":"https:\/\/api.w.org\/{rel}","templated":true}]}}