{"id":2718,"date":"2016-04-14T07:15:02","date_gmt":"2016-04-14T12:15:02","guid":{"rendered":"http:\/\/www.biblia.work\/noticias\/la-visita-de-papa-a-lesbos-es-de-caracter-ecumenico-y-humanitario\/"},"modified":"2016-04-14T07:15:02","modified_gmt":"2016-04-14T12:15:02","slug":"la-visita-de-papa-a-lesbos-es-de-caracter-ecumenico-y-humanitario","status":"publish","type":"post","link":"https:\/\/www.biblia.work\/noticias\/la-visita-de-papa-a-lesbos-es-de-caracter-ecumenico-y-humanitario\/","title":{"rendered":"La visita de Papa a Lesbos es de car\u00e1cter ecum\u00e9nico y humanitario"},"content":{"rendered":"<p style=\"text-align: justify\">(ZENIT &#8211; Ciudad del Vaticano).-<strong> \u00a0<\/strong><span style=\"font-weight: 400\">Este s\u00e1bado el papa Francisco realizar\u00e1 el 13\u00ba viaje fuera de Italia de su pontificado. Un visita de apenas unas horas, pero de un gran significado. El Santo Padre visitar\u00e1 la isla griega de Lesbos, en un viaje de car\u00e1cter humanitario y ecum\u00e9nico, tal y como lo ha definido el padre Federico Lombardi, director de la Oficina de Prensa de la Santa Sede. <\/span><\/p>\n<p style=\"text-align: justify\"><span style=\"font-weight: 400\">Lesbos es escenario de acogida\u00a0de miles de refugiados de Oriente Medio y \u00c1frica que buscan un futuro mejor en Europa. Pero tambi\u00e9n se ha convertido en el lugar desde donde muchos de ellos est\u00e1n siendo repatriados a sus pa\u00edses de origen. <\/span><span style=\"font-weight: 400\">Por ello, el Santo Padre ha querido mostrarse cercano ante de drama de la inmigraci\u00f3n. Y ayer,\u00a0<\/span><span style=\"font-weight: 400\">al terminar la <a target=\"_blank\" rel=\"nofollow\" href=\"https:\/\/es.zenit.org\/articles\/el-papa-pide-oraciones-por-su-viaje-a-lesbos\/\">audiencia\u00a0general<\/a>\u00a0lo record\u00f3 y pidi\u00f3 oraciones por esta visita.<\/span><\/p>\n<p style=\"text-align: justify\"><span style=\"font-weight: 400\">En la isla griega,\u00a0el Pont\u00edfice estar\u00e1 acompa\u00f1ado del patriarca ecum\u00e9nico de Constantinopla, Bartolom\u00e9 I y del arzobispo de Atenas y de toda Grecia, Jer\u00f3nimo II.\u00a0<\/span><\/p>\n<p style=\"text-align: justify\"><span style=\"font-weight: 400\">El Santo Padre saldr\u00e1 este s\u00e1bado, 16 de abril, a las 7.00 de la ma\u00f1ana del aeropuerto de Roma-Fiumicino con destino Mytilene, donde est\u00e1 prevista la llegada a las 10.20, hora local. <\/span><\/p>\n<p style=\"text-align: justify\"><span style=\"font-weight: 400\">En la ceremonia de bienvenida, el Papa ser\u00e1 recibido por el primer ministro Alexis Tsipras<\/span>; despu\u00e9s recibir\u00e1 la bienvenida por parte de Su Santidad, Patriarca Ecum\u00e9nico de Constantinopla y de Su Beatitud\u00a0el\u00a0arzobispo de Atenas y de toda Grecia. Y\u00a0finalmente de\u00a0monse\u00f1or Fragkiskos Papamanolis, OFM Cap, presidente de la Conferencia Episcopal griega.<\/p>\n<p style=\"text-align: justify\"><span style=\"font-weight: 400\">El Papa mantendr\u00e1 un breve encuentro privado en el aeropuerto con el primer ministro griego. Despu\u00e9s se trasladar\u00e1 en un minibus con Bartolom\u00e9 I y Jer\u00f3nimo II al campo de refugiados de M\u00f2ria. Este lugar aloja actualmente a unos 2500 refugiados. A lo largo de las vallas se reunir\u00e1n unos 150 menores hu\u00e9spedes del centro. De este modo, los l\u00edderes religiosos atravesar\u00e1n el patio dedicado al registro de los refugiados y llegar\u00e1n a la gran tienda de campa\u00f1a donde saludar\u00e1n individualmente a unos 250 solicitantes de asilo. <\/span><\/p>\n<p style=\"text-align: justify\"><span style=\"font-weight: 400\">A las 12.25, hora local, est\u00e1n previstos los discursos del arzobispo Jer\u00f3nimo II, del patriarca Bartolom\u00e9 I y del Santo Padre desde el podio del patio. A continuaci\u00f3n, firmar\u00e1n una declaraci\u00f3n conjunta. <\/span><\/p>\n<p style=\"text-align: justify\"><span style=\"font-weight: 400\">Despu\u00e9s los tres l\u00edderes religiosos comer\u00e1n con algunos refugiados en la estructura que se encuentran detr\u00e1s del podio. <\/span><\/p>\n<p style=\"text-align: justify\"><span style=\"font-weight: 400\">Por la tarde, se trasladar\u00e1n al puesto de la Guardia Costera para celebrar el encuentro con la ciudadan\u00eda y con la peque\u00f1a comunidad cat\u00f3lica de la isla. All\u00ed se realizar\u00e1 un acto de conmemoraci\u00f3n por las v\u00edctimas de la migraci\u00f3n. En este momento el Santo Padre pronunciar\u00e1 el segundo discurso de la jornada. Despu\u00e9s, los tres l\u00edderes religiosos recitar\u00e1n cada uno una breve oraci\u00f3n por las v\u00edctimas de la migraci\u00f3n.\u00a0<\/span><span style=\"font-weight: 400\">Y tras un minuto de silencio, los tres l\u00edderes religiosos recibir\u00e1n de tres ni\u00f1os unas coronas de flores, que ser\u00e1n lanzadas al mar. <\/span><\/p>\n<p style=\"text-align: justify\"><span style=\"font-weight: 400\">Finalmente, el Santo Padre regresar\u00e1 al aeropuerto donde celebrar\u00e1 tres breves encuentros privados: con el arzobispo de Atenas y de toda Grecia, con el patriarca ecum\u00e9nico y con el primer ministro de Grecia. <\/span><strong><span style=\"font-weight: 400\">A continuaci\u00f3n tendr\u00e1 lugar la ceremonia de despedida en el aeropuerto de Mytilene y el avi\u00f3n despegar\u00e1 a las 15.30. La llegada a Roma est\u00e1 prevista a las 16.30 hora local. <\/span> <\/strong><\/p>\n<p><span class=\"et_bloom_bottom_trigger\"><\/span><\/p>\n<p><a href=\"https:\/\/es.zenit.org\/\" target=\"_blank\" rel=\"nofollow\">Fuente: es.zenit.org<\/a><\/p>\n","protected":false},"excerpt":{"rendered":"<p>(ZENIT &#8211; Ciudad del Vaticano).- \u00a0Este s\u00e1bado el papa Francisco realizar\u00e1 el 13\u00ba viaje fuera de Italia de su pontificado. Un visita de apenas unas horas, pero de un gran significado. El Santo Padre visitar\u00e1 la isla griega de Lesbos, en un viaje de car\u00e1cter humanitario y ecum\u00e9nico, tal y como lo ha definido el &hellip; <a href=\"https:\/\/www.biblia.work\/noticias\/la-visita-de-papa-a-lesbos-es-de-caracter-ecumenico-y-humanitario\/\" class=\"more-link\">Continuar leyendo<span class=\"screen-reader-text\"> \u00abLa visita de Papa a Lesbos es de car\u00e1cter ecum\u00e9nico y humanitario\u00bb<\/span><\/a><\/p>\n","protected":false},"author":1,"featured_media":0,"comment_status":"open","ping_status":"closed","sticky":false,"template":"","format":"standard","meta":{"footnotes":""},"categories":[1],"tags":[],"class_list":["post-2718","post","type-post","status-publish","format-standard","hentry","category-general"],"_links":{"self":[{"href":"https:\/\/www.biblia.work\/noticias\/wp-json\/wp\/v2\/posts\/2718","targetHints":{"allow":["GET"]}}],"collection":[{"href":"https:\/\/www.biblia.work\/noticias\/wp-json\/wp\/v2\/posts"}],"about":[{"href":"https:\/\/www.biblia.work\/noticias\/wp-json\/wp\/v2\/types\/post"}],"author":[{"embeddable":true,"href":"https:\/\/www.biblia.work\/noticias\/wp-json\/wp\/v2\/users\/1"}],"replies":[{"embeddable":true,"href":"https:\/\/www.biblia.work\/noticias\/wp-json\/wp\/v2\/comments?post=2718"}],"version-history":[{"count":0,"href":"https:\/\/www.biblia.work\/noticias\/wp-json\/wp\/v2\/posts\/2718\/revisions"}],"wp:attachment":[{"href":"https:\/\/www.biblia.work\/noticias\/wp-json\/wp\/v2\/media?parent=2718"}],"wp:term":[{"taxonomy":"category","embeddable":true,"href":"https:\/\/www.biblia.work\/noticias\/wp-json\/wp\/v2\/categories?post=2718"},{"taxonomy":"post_tag","embeddable":true,"href":"https:\/\/www.biblia.work\/noticias\/wp-json\/wp\/v2\/tags?post=2718"}],"curies":[{"name":"wp","href":"https:\/\/api.w.org\/{rel}","templated":true}]}}