{"id":2719,"date":"2016-04-14T08:15:02","date_gmt":"2016-04-14T13:15:02","guid":{"rendered":"http:\/\/www.biblia.work\/noticias\/francisco-recuerda-que-la-valentia-de-los-martires-es-necesaria\/"},"modified":"2016-04-14T08:15:02","modified_gmt":"2016-04-14T13:15:02","slug":"francisco-recuerda-que-la-valentia-de-los-martires-es-necesaria","status":"publish","type":"post","link":"https:\/\/www.biblia.work\/noticias\/francisco-recuerda-que-la-valentia-de-los-martires-es-necesaria\/","title":{"rendered":"Francisco recuerda que la valent\u00eda de los m\u00e1rtires es necesaria"},"content":{"rendered":"<p style=\"text-align: justify\">(ZENIT &#8211; Ciudad del Vaticano).-\u00a0<span style=\"font-weight: 400\">El papa Francisco ha recibido esta ma\u00f1ana en el Vaticano al Pontificio Colegio Escoc\u00e9s, en ocasi\u00f3n de la conmemoraci\u00f3n del cuarto centenario de la transformaci\u00f3n del Pontificio Colegio Escoc\u00e9s en un Seminario para la formaci\u00f3n sacerdotal.<\/span><\/p>\n<p style=\"text-align: justify\"><span style=\"font-weight: 400\">Tal y como ha indicado el Santo Padre en su discurso, este aniversario tiene un gran\u00a0significado no solamente por los a\u00f1os que han transcurrido, sino principalmente porque \u201chacemos memoria de la fidelidad de los diecis\u00e9is hombre que, el 10 de marzo de 1616, manifestaron su determinaci\u00f3n al volver a Escocia como sacerdotes para predicar el Evangelio\u201d. Esa decisi\u00f3n &#8211;ha recordado&#8211; naci\u00f3 de la sangre de un m\u00e1rtir. <\/span><\/p>\n<p style=\"text-align: justify\"><span style=\"font-weight: 400\">El Santo Padre ha explicado que el martirio de san John Ogilvie, cuya condena ten\u00eda el fin de reducir al silencio la fe cat\u00f3lica, represent\u00f3 sin embargo \u201cun impulso para su promoci\u00f3n y para la defensa de la libertad de la Iglesia de permanecer en comuni\u00f3n con la Sede de Pedro\u201d. <\/span><\/p>\n<p style=\"text-align: justify\"><span style=\"font-weight: 400\">El \u201cs\u00ed\u201d proclamado por estos hombres fue \u201celocuente no simplemente por sus buenas intenciones, sino m\u00e1s bien porque perseveraron y se prepararon a fondo, volviendo a Escocia para afrontar las dificultades que les esperaban, tambi\u00e9n si lo que pod\u00eda significar era convertirse en m\u00e1rtires\u201d. <\/span><\/p>\n<p style=\"text-align: justify\"><span style=\"font-weight: 400\">Tambi\u00e9n nosotros &#8211;ha asegurado el Papa&#8211; vivimos en tiempos de martirio, en un cultura a menudo hostil con el Evangelio. Por eso, les ha exhortado a tener el mismo esp\u00edritu de compromiso que tuvieron sus predecesores.<\/span><\/p>\n<p style=\"text-align: justify\"><span style=\"font-weight: 400\">\u00a1Amad a Jes\u00fas por encima de todo!, ha exclamado. Y les ha pedido que su \u201cs\u00ed\u201d est\u00e9 marcado por la firme resoluci\u00f3n de donarse\u00a0completamente a su formaci\u00f3n sacerdotal, para que sus a\u00f1os en Roma puedan prepararles para volver a Escocia y ofrecer plenamente su vida. <\/span><\/p>\n<p style=\"text-align: justify\"><span style=\"font-weight: 400\">De este modo, ha asegurado a los presentes que si tienen el mismo ardor de sus hermanos de hace cuatro siglos, ese mismo amor por la Iglesia y por Escocia, honrar\u00e1n la historia y los sacrificios que hoy recuerdan. \u201cOs convertir\u00e9is tambi\u00e9n en nuestros d\u00edas en un signo para el pueblo escoc\u00e9s, especialmente para los j\u00f3venes, si los encontr\u00e1is en su vida cotidiana, si lleg\u00e1is a los que est\u00e1n m\u00e1s lejos de Cristo\u201d, ha precisado. <\/span><\/p>\n<p style=\"text-align: justify\"><span style=\"font-weight: 400\">Finalmente, el Papa ha aseverado que en este Jubileo de la Misericordia, reza para que el Se\u00f1or les conceda la valent\u00eda y la gracia de ser fieles a su voluntad, que se dediquen a la oraci\u00f3n, amando a Jes\u00fas especialmente en la santa Eucarist\u00eda, y que se encomienden a la protecci\u00f3n de Mar\u00eda nuestra Madre. <\/span><\/p>\n<p style=\"text-align: justify\">&nbsp;<\/p>\n<p><span class=\"et_bloom_bottom_trigger\"><\/span><\/p>\n<p><a href=\"https:\/\/es.zenit.org\/\" target=\"_blank\" rel=\"nofollow\">Fuente: es.zenit.org<\/a><\/p>\n","protected":false},"excerpt":{"rendered":"<p>(ZENIT &#8211; Ciudad del Vaticano).-\u00a0El papa Francisco ha recibido esta ma\u00f1ana en el Vaticano al Pontificio Colegio Escoc\u00e9s, en ocasi\u00f3n de la conmemoraci\u00f3n del cuarto centenario de la transformaci\u00f3n del Pontificio Colegio Escoc\u00e9s en un Seminario para la formaci\u00f3n sacerdotal. Tal y como ha indicado el Santo Padre en su discurso, este aniversario tiene un &hellip; <a href=\"https:\/\/www.biblia.work\/noticias\/francisco-recuerda-que-la-valentia-de-los-martires-es-necesaria\/\" class=\"more-link\">Continuar leyendo<span class=\"screen-reader-text\"> \u00abFrancisco recuerda que la valent\u00eda de los m\u00e1rtires es necesaria\u00bb<\/span><\/a><\/p>\n","protected":false},"author":1,"featured_media":0,"comment_status":"open","ping_status":"closed","sticky":false,"template":"","format":"standard","meta":{"footnotes":""},"categories":[1],"tags":[],"class_list":["post-2719","post","type-post","status-publish","format-standard","hentry","category-general"],"_links":{"self":[{"href":"https:\/\/www.biblia.work\/noticias\/wp-json\/wp\/v2\/posts\/2719","targetHints":{"allow":["GET"]}}],"collection":[{"href":"https:\/\/www.biblia.work\/noticias\/wp-json\/wp\/v2\/posts"}],"about":[{"href":"https:\/\/www.biblia.work\/noticias\/wp-json\/wp\/v2\/types\/post"}],"author":[{"embeddable":true,"href":"https:\/\/www.biblia.work\/noticias\/wp-json\/wp\/v2\/users\/1"}],"replies":[{"embeddable":true,"href":"https:\/\/www.biblia.work\/noticias\/wp-json\/wp\/v2\/comments?post=2719"}],"version-history":[{"count":0,"href":"https:\/\/www.biblia.work\/noticias\/wp-json\/wp\/v2\/posts\/2719\/revisions"}],"wp:attachment":[{"href":"https:\/\/www.biblia.work\/noticias\/wp-json\/wp\/v2\/media?parent=2719"}],"wp:term":[{"taxonomy":"category","embeddable":true,"href":"https:\/\/www.biblia.work\/noticias\/wp-json\/wp\/v2\/categories?post=2719"},{"taxonomy":"post_tag","embeddable":true,"href":"https:\/\/www.biblia.work\/noticias\/wp-json\/wp\/v2\/tags?post=2719"}],"curies":[{"name":"wp","href":"https:\/\/api.w.org\/{rel}","templated":true}]}}