{"id":2720,"date":"2016-04-14T09:15:02","date_gmt":"2016-04-14T14:15:02","guid":{"rendered":"http:\/\/www.biblia.work\/noticias\/te-mira-con-pasion\/"},"modified":"2016-04-14T09:15:02","modified_gmt":"2016-04-14T14:15:02","slug":"te-mira-con-pasion","status":"publish","type":"post","link":"https:\/\/www.biblia.work\/noticias\/te-mira-con-pasion\/","title":{"rendered":"Te mira con pasi\u00f3n"},"content":{"rendered":"<p class=\"p1\"><span class=\"s1\">Publicamos a continuaci\u00f3n la carta semanal del obispo de C\u00f3rdoba, monse\u00f1or Demetrio Fern\u00e1ndez, con motivo de la\u00a0Jornada mundial de oraci\u00f3n por las Vocaciones:<\/span><\/p>\n<p style=\"text-align: justify\">&nbsp;<\/p>\n<p style=\"text-align: justify\">\u201cTe mira con pasi\u00f3n\u201d es el lema para este domingo 4\u00ba de Pascua, en el que tenemos presentes la Vocaciones nativas al sacerdocio y a la vida consagrada, dentro de la Jornada mundial de oraci\u00f3n por las Vocaciones.<\/p>\n<p style=\"text-align: justify\">Nos encontramos en el 4\u00ba domingo de Pascua, domingo del buen Pastor. Aparece Cristo como el buen pastor de nuestras almas, que nos pastorea por medio de personas concretas que \u00c9l ha puesto a nuestro servicio. Principalmente, por medio de obispos, presb\u00edteros y di\u00e1conos, a los que ha confiado guardar su reba\u00f1o, sirvi\u00e9ndole en el nombre de Cristo Cabeza y buen Pastor de su pueblo. Necesitamos, por tanto, nuevos sacerdotes que prolonguen a Cristo, que nos celebren la Eucarist\u00eda y nos perdonen en nombre de Dios, que cuiden de su pueblo, sobre todo en el plano espiritual. Y junto a ellos, necesitamos otras muchas personas consagradas, hombres y mujeres, que hagan presente esa ternura de Cristo cuando sale en busca de la oveja perdida y la carga sobre sus hombros.<\/p>\n<p style=\"text-align: justify\">Miremos a Cristo buen pastor. Es una imagen llena de ternura, pues representa un Jes\u00fas que conoce a cada una de sus ovejas por su nombre, que busca a cada una de sus ovejas, dispuesto a dar la vida por cada una de ellas, como lo ha hecho en su pasi\u00f3n y muerte. Un Jes\u00fas que recorre los caminos de perdici\u00f3n que los hombres han emprendido, para buscarlos hasta que los encuentra y llevarlos a la casa del Padre, a la Iglesia. Un Jes\u00fas lleno de misericordia que no da patadas a la oveja encontrada, sino que la carga con amor sobre sus hombros y la acaricia con ternura, lleno de alegr\u00eda. Ese Jes\u00fas es el que nos ama a cada uno, el que nos conoce por nuestro nombre, el que sabe cu\u00e1les son las heridas de nuestro coraz\u00f3n y tiene la medicina para curarlas. Es un Jes\u00fas lleno de misericordia, la principal medicina que necesita nuestro mundo contempor\u00e1neo.<\/p>\n<p style=\"text-align: justify\">Este Jes\u00fas ha fascinado el coraz\u00f3n de muchos hombres y mujeres a lo largo de la historia, los ha mirado con amor. Y ellos, al sentirse queridos de esta manera, lo han dejado todo para seguirle de cerca, para vivir con \u00c9l, consagrando su vida, su cuerpo y alma, su presente y su futuro, puestos al servicio de los dem\u00e1s. Son vidas gastadas gratuitamente en la entrega a los dem\u00e1s, porque est\u00e1n sostenidas por un amor que las precede, el amor de Cristo, que los mira con pasi\u00f3n. 112.000 seminaristas en todo el mundo, de los cuales 75.000 pertenecen a los pa\u00edses de misi\u00f3n y constituyen una esperanza para el futuro de la Iglesia y de la evangelizaci\u00f3n. Y junto a ellos, otros tantos novicios y novicias, que han captado la llamada del Se\u00f1or para seguirle en los distintos carismas que enriquecen la Iglesia.<\/p>\n<p style=\"text-align: justify\">Domingo 4\u00ba de Pascua, domingo del buen Pastor. Jornada mundial de oraci\u00f3n por las vocaciones y particularmente por las vocaciones nativas en los pa\u00edses de misi\u00f3n.<\/p>\n<p style=\"text-align: justify\">M\u00e1s, en los pa\u00edses emergentes, donde la Iglesia experimenta un desarrollo espectacular. Menos, en los pa\u00edses de vieja cristiandad, que necesitan una profunda renovaci\u00f3n. Pedimos en esta Jornada por todos para que la llamada de Cristo, que ha llegado a sus corazones no se apague ante las dificultades. Vale la pena seguirle, darle todo, y as\u00ed estar disponible para el Evangelio donde haga falta.<\/p>\n<p style=\"text-align: justify\">\u201cEstas vocaciones nacen en la Iglesia, crecen en la Iglesia y est\u00e1n sostenidas por la Iglesia\u201d, nos recuerda el Papa Francisco en el mensaje de este a\u00f1o. La colecta de este d\u00eda va destinada a las vocaciones en pa\u00edses de misi\u00f3n, a trav\u00e9s de las Obras Misionales Pontificias (Vocaciones Nativas) para las vocaciones nativas. Seamos generosos, porque dada la globalizaci\u00f3n del mundo en que vivimos, muchos de ellos acuden en nuestra ayuda, temporal o definitivamente. Europa ha evangelizado durante siglos, enviando misioneros y misioneras a todas las latitudes. Hoy Europa necesita ser evangelizada de nuevo y recibe misioneros procedentes de todos los lugares del mundo. La Iglesia est\u00e1 en crecimiento y el amor de Cristo no se extingue. Qu\u00e9 bonito ver j\u00f3venes, chicos y chicas, en todas las latitudes del mundo, que se sienten amados por Jesucristo, y est\u00e1n dispuestos a dejarlo todo para seguirle a \u00c9l y servir a los hermanos.<\/p>\n<p style=\"text-align: justify\">&nbsp;<\/p>\n<p style=\"text-align: justify\">Recibid mi afecto y mi bendici\u00f3n:<\/p>\n<p style=\"text-align: justify\">+ Demetrio\u00a0Fern\u00e1ndez.<\/p>\n<p><span class=\"et_bloom_bottom_trigger\"><\/span><\/p>\n<p><a href=\"https:\/\/es.zenit.org\/\" target=\"_blank\" rel=\"nofollow\">Fuente: es.zenit.org<\/a><\/p>\n","protected":false},"excerpt":{"rendered":"<p>Publicamos a continuaci\u00f3n la carta semanal del obispo de C\u00f3rdoba, monse\u00f1or Demetrio Fern\u00e1ndez, con motivo de la\u00a0Jornada mundial de oraci\u00f3n por las Vocaciones: &nbsp; \u201cTe mira con pasi\u00f3n\u201d es el lema para este domingo 4\u00ba de Pascua, en el que tenemos presentes la Vocaciones nativas al sacerdocio y a la vida consagrada, dentro de la &hellip; <a href=\"https:\/\/www.biblia.work\/noticias\/te-mira-con-pasion\/\" class=\"more-link\">Continuar leyendo<span class=\"screen-reader-text\"> \u00abTe mira con pasi\u00f3n\u00bb<\/span><\/a><\/p>\n","protected":false},"author":1,"featured_media":0,"comment_status":"open","ping_status":"closed","sticky":false,"template":"","format":"standard","meta":{"footnotes":""},"categories":[1],"tags":[],"class_list":["post-2720","post","type-post","status-publish","format-standard","hentry","category-general"],"_links":{"self":[{"href":"https:\/\/www.biblia.work\/noticias\/wp-json\/wp\/v2\/posts\/2720","targetHints":{"allow":["GET"]}}],"collection":[{"href":"https:\/\/www.biblia.work\/noticias\/wp-json\/wp\/v2\/posts"}],"about":[{"href":"https:\/\/www.biblia.work\/noticias\/wp-json\/wp\/v2\/types\/post"}],"author":[{"embeddable":true,"href":"https:\/\/www.biblia.work\/noticias\/wp-json\/wp\/v2\/users\/1"}],"replies":[{"embeddable":true,"href":"https:\/\/www.biblia.work\/noticias\/wp-json\/wp\/v2\/comments?post=2720"}],"version-history":[{"count":0,"href":"https:\/\/www.biblia.work\/noticias\/wp-json\/wp\/v2\/posts\/2720\/revisions"}],"wp:attachment":[{"href":"https:\/\/www.biblia.work\/noticias\/wp-json\/wp\/v2\/media?parent=2720"}],"wp:term":[{"taxonomy":"category","embeddable":true,"href":"https:\/\/www.biblia.work\/noticias\/wp-json\/wp\/v2\/categories?post=2720"},{"taxonomy":"post_tag","embeddable":true,"href":"https:\/\/www.biblia.work\/noticias\/wp-json\/wp\/v2\/tags?post=2720"}],"curies":[{"name":"wp","href":"https:\/\/api.w.org\/{rel}","templated":true}]}}