{"id":2721,"date":"2016-04-14T10:05:02","date_gmt":"2016-04-14T15:05:02","guid":{"rendered":"http:\/\/www.biblia.work\/noticias\/turquia-ordena-deportar-a-evangelista-callejero\/"},"modified":"2016-04-14T10:05:02","modified_gmt":"2016-04-14T15:05:02","slug":"turquia-ordena-deportar-a-evangelista-callejero","status":"publish","type":"post","link":"https:\/\/www.biblia.work\/noticias\/turquia-ordena-deportar-a-evangelista-callejero\/","title":{"rendered":"Turqu\u00eda ordena deportar a evangelista callejero"},"content":{"rendered":"<p style=\"text-align: justify\">Las autoridades turcas han detenido a un evangelista callejero de nacionalidad estadounidense y procuran su deportaci\u00f3n, seg\u00fan informa Morning Star News. <\/p>\n<p style=\"text-align: justify\">David Byle fue arrestado el 6 de abril, y permanece detenido con el cargo de \u201cpeligro para el orden p\u00fablico\u201d. La detenci\u00f3n se produjo cuando se present\u00f3 en la oficina de inmigraci\u00f3n con relaci\u00f3n a su solicitud de extensi\u00f3n del permiso de residencia. <\/p>\n<p style=\"text-align: justify\">All\u00ed se le comunic\u00f3 que su solicitud hab\u00eda sido denegada y que permanecer\u00eda retenido en un centro de inmigraci\u00f3n hasta que se resuelva su deportaci\u00f3n. <\/p>\n<p style=\"text-align: justify\">Los abogados de Byle, de 46 a\u00f1os, ya est\u00e1n trabajando ante lo que consideran un abuso de autoridad y una acusaci\u00f3n infundada. <\/p>\n<p style=\"text-align: justify\">Algunas personas suponen que el arresto de David y su deportaci\u00f3n pendiente, pudieran ser una respuesta a los temas de seguridad que se est\u00e1n desarrollando en Turqu\u00eda. El Ministro del Interior ha emitido recientemente advertencias de seguridad a congregaciones y l\u00edderes de iglesias y se ha constatado que los terroristas han seleccionado algunas iglesias como potenciales blancos de ataques. <\/p>\n<p style=\"text-align: justify\">La esposa de Byle, Ulrike, considera que la acusaci\u00f3n de las autoridades no tiene ninguna base. David Byle \u201cno tiene antecedentes y es conocido por su car\u00e1cter afable, educado y tranquilo\u201d, explica Ulrike. <\/p>\n<p style=\"text-align: justify\">Byle es uno de los pocos cristianos evang\u00e9licos extranjeros residentes en Turqu\u00eda, un pa\u00eds de mayor\u00eda isl\u00e1mica donde est\u00e1 permitido el culto cristiano. Es conocido por su esfuerzo evangel\u00edstico, sobre todo en las calles, donde a menudo presenta el evangelio con m\u00e9todos reconocibles, como el tablero. <\/p>\n<p style=\"text-align: justify\">Seg\u00fan relata Ulrike, su marido se encuentra bien. Aprovecha el tiempo retenido para hablar con otros reclusos, d\u00e1ndoles testimonio de su fe. Sin embargo, tambi\u00e9n hay riesgos, ya que ha sido trasladado de una planta a otra para evitar que coincida con presos del Estado Isl\u00e1mico. <\/p>\n<p style=\"text-align: justify\">El arresto se produce en un momento dif\u00edcil para el gobierno turco. Cuatro d\u00edas antes de la detenci\u00f3n, el gobierno abri\u00f3 el Centro Diyanet de Am\u00e9rica, un enorme complejo con mezquita, sala comunitaria y un ba\u00f1o turco, todo pagado con dinero del estado, que se anuncia como el mayor campus isl\u00e1mico \u201cen el hemisferio occidental\u201d. <\/p>\n<p style=\"text-align: justify\">El presidente turco, Recep Erdogan, presidi\u00f3 la apertura, diciendo a una multitud de musulmanes: \u201cDebemos luchar contra el odio y prejuicios, que son nuestros enemigos comunes, en cooperaci\u00f3n con los ciudadanos estadounidenses de diferentes creencias. Junto con el pueblo de Estados Unidos, debemos demostrar a toda la comunidad internacional la verdadera cara del Islam\u201d. <\/p>\n","protected":false},"excerpt":{"rendered":"<p>Las autoridades turcas han detenido a un evangelista callejero de nacionalidad estadounidense y procuran su deportaci\u00f3n, seg\u00fan informa Morning Star News. David Byle fue arrestado el 6 de abril, y permanece detenido con el cargo de \u201cpeligro para el orden p\u00fablico\u201d. La detenci\u00f3n se produjo cuando se present\u00f3 en la oficina de inmigraci\u00f3n con relaci\u00f3n &hellip; <a href=\"https:\/\/www.biblia.work\/noticias\/turquia-ordena-deportar-a-evangelista-callejero\/\" class=\"more-link\">Continuar leyendo<span class=\"screen-reader-text\"> \u00abTurqu\u00eda ordena deportar a evangelista callejero\u00bb<\/span><\/a><\/p>\n","protected":false},"author":1,"featured_media":0,"comment_status":"open","ping_status":"closed","sticky":false,"template":"","format":"standard","meta":{"footnotes":""},"categories":[1],"tags":[],"class_list":["post-2721","post","type-post","status-publish","format-standard","hentry","category-general"],"_links":{"self":[{"href":"https:\/\/www.biblia.work\/noticias\/wp-json\/wp\/v2\/posts\/2721","targetHints":{"allow":["GET"]}}],"collection":[{"href":"https:\/\/www.biblia.work\/noticias\/wp-json\/wp\/v2\/posts"}],"about":[{"href":"https:\/\/www.biblia.work\/noticias\/wp-json\/wp\/v2\/types\/post"}],"author":[{"embeddable":true,"href":"https:\/\/www.biblia.work\/noticias\/wp-json\/wp\/v2\/users\/1"}],"replies":[{"embeddable":true,"href":"https:\/\/www.biblia.work\/noticias\/wp-json\/wp\/v2\/comments?post=2721"}],"version-history":[{"count":0,"href":"https:\/\/www.biblia.work\/noticias\/wp-json\/wp\/v2\/posts\/2721\/revisions"}],"wp:attachment":[{"href":"https:\/\/www.biblia.work\/noticias\/wp-json\/wp\/v2\/media?parent=2721"}],"wp:term":[{"taxonomy":"category","embeddable":true,"href":"https:\/\/www.biblia.work\/noticias\/wp-json\/wp\/v2\/categories?post=2721"},{"taxonomy":"post_tag","embeddable":true,"href":"https:\/\/www.biblia.work\/noticias\/wp-json\/wp\/v2\/tags?post=2721"}],"curies":[{"name":"wp","href":"https:\/\/api.w.org\/{rel}","templated":true}]}}