{"id":2723,"date":"2016-04-14T10:15:02","date_gmt":"2016-04-14T15:15:02","guid":{"rendered":"http:\/\/www.biblia.work\/noticias\/la-santa-sede-invita-a-desarrollar-canales-regulares-para-migrantes\/"},"modified":"2016-04-14T10:15:02","modified_gmt":"2016-04-14T15:15:02","slug":"la-santa-sede-invita-a-desarrollar-canales-regulares-para-migrantes","status":"publish","type":"post","link":"https:\/\/www.biblia.work\/noticias\/la-santa-sede-invita-a-desarrollar-canales-regulares-para-migrantes\/","title":{"rendered":"La Santa Sede invita a desarrollar canales regulares para migrantes"},"content":{"rendered":"<p style=\"text-align: justify\">(ZENIT &#8211; Roma).-<span style=\"font-weight: 400\">Entre las muchas personas que emigran de sus lugares de origen, hay una categor\u00eda que tiene m\u00e1s riesgos que las otras. Se trata de los menores no acompa\u00f1ados. Como se ha evidenciado durante la celebraci\u00f3n de la 16\u00aa conferencia de la Alianza contra el tr\u00e1fico de seres humanos en Viena, los menores son a menudo objeto de explotaci\u00f3n para obligarles a mendicar, realizar robos, tr\u00e1fico de drogas, venta de mercanc\u00eda robada y tambi\u00e9n explotaci\u00f3n sexual, prostituci\u00f3n y extracci\u00f3n de \u00f3rganos. \u00a0<\/span><\/p>\n<p style=\"text-align: justify\"><span style=\"font-weight: 400\">As\u00ed lo ha denunciado durante el encuentro monse\u00f1or Janusz Urba\u0144czyk, representante permanente de la Santa Sede en la Osce, la Organizaci\u00f3n para la seguridad y la cooperaci\u00f3n en Europa. El prelado ha recordado el compromiso de la Iglesia para asistir a los menores que se encuentran en estas condiciones cr\u00edticas. Sin embargo, es necesario un compromiso transversal y multidisciplinar, que por un lado ofrezca asistencia y ayuda y por el otro d\u00e9 una posibilidad real de liberaci\u00f3n de la explotaci\u00f3n. <\/span><\/p>\n<p style=\"text-align: justify\"><span style=\"font-weight: 400\">\u201cLa persona &#8211;afirma monse\u00f1or Urba\u0144czyk citando al papa Francisco, como informa Radio Vaticana&#8211; es siempre un fin y nunca un medio\u201d. Este principio, fundamental e indeleble en todas las circunstancias, est\u00e1 tambi\u00e9n en la Declaraci\u00f3n universal de los derechos del hombre, por eso el fen\u00f3meno de la trata asume las caracter\u00edsticas de \u201cuna verg\u00fcenza intolerable\u201d y deber\u00eda ser reconocido como \u201ccrimen contra la humanidad\u201d. <\/span><\/p>\n<p style=\"text-align: justify\"><span style=\"font-weight: 400\">El llamamiento de la Santa Sede es por tanto desarrollar canales regulares y controlados para los inmigrantes. Ya desde hace tiempo la Iglesia es activa en la realizaci\u00f3n de redes de protecci\u00f3n y \u2018pasillos humanitarios\u2019 que reduzcan el riesgo de trata en diversos territorios. <\/span><\/p>\n<p style=\"text-align: justify\">&nbsp;<\/p>\n<p><span class=\"et_bloom_bottom_trigger\"><\/span><\/p>\n<p><a href=\"https:\/\/es.zenit.org\/\" target=\"_blank\" rel=\"nofollow\">Fuente: es.zenit.org<\/a><\/p>\n","protected":false},"excerpt":{"rendered":"<p>(ZENIT &#8211; Roma).-Entre las muchas personas que emigran de sus lugares de origen, hay una categor\u00eda que tiene m\u00e1s riesgos que las otras. Se trata de los menores no acompa\u00f1ados. Como se ha evidenciado durante la celebraci\u00f3n de la 16\u00aa conferencia de la Alianza contra el tr\u00e1fico de seres humanos en Viena, los menores son &hellip; <a href=\"https:\/\/www.biblia.work\/noticias\/la-santa-sede-invita-a-desarrollar-canales-regulares-para-migrantes\/\" class=\"more-link\">Continuar leyendo<span class=\"screen-reader-text\"> \u00abLa Santa Sede invita a desarrollar canales regulares para migrantes\u00bb<\/span><\/a><\/p>\n","protected":false},"author":1,"featured_media":0,"comment_status":"open","ping_status":"closed","sticky":false,"template":"","format":"standard","meta":{"footnotes":""},"categories":[1],"tags":[],"class_list":["post-2723","post","type-post","status-publish","format-standard","hentry","category-general"],"_links":{"self":[{"href":"https:\/\/www.biblia.work\/noticias\/wp-json\/wp\/v2\/posts\/2723","targetHints":{"allow":["GET"]}}],"collection":[{"href":"https:\/\/www.biblia.work\/noticias\/wp-json\/wp\/v2\/posts"}],"about":[{"href":"https:\/\/www.biblia.work\/noticias\/wp-json\/wp\/v2\/types\/post"}],"author":[{"embeddable":true,"href":"https:\/\/www.biblia.work\/noticias\/wp-json\/wp\/v2\/users\/1"}],"replies":[{"embeddable":true,"href":"https:\/\/www.biblia.work\/noticias\/wp-json\/wp\/v2\/comments?post=2723"}],"version-history":[{"count":0,"href":"https:\/\/www.biblia.work\/noticias\/wp-json\/wp\/v2\/posts\/2723\/revisions"}],"wp:attachment":[{"href":"https:\/\/www.biblia.work\/noticias\/wp-json\/wp\/v2\/media?parent=2723"}],"wp:term":[{"taxonomy":"category","embeddable":true,"href":"https:\/\/www.biblia.work\/noticias\/wp-json\/wp\/v2\/categories?post=2723"},{"taxonomy":"post_tag","embeddable":true,"href":"https:\/\/www.biblia.work\/noticias\/wp-json\/wp\/v2\/tags?post=2723"}],"curies":[{"name":"wp","href":"https:\/\/api.w.org\/{rel}","templated":true}]}}