{"id":2724,"date":"2016-04-14T10:15:02","date_gmt":"2016-04-14T15:15:02","guid":{"rendered":"http:\/\/www.biblia.work\/noticias\/el-rostro-sobre-la-ciudad-roma-acoge-seis-encuentro-sobre-la-sindone\/"},"modified":"2016-04-14T10:15:02","modified_gmt":"2016-04-14T15:15:02","slug":"el-rostro-sobre-la-ciudad-roma-acoge-seis-encuentro-sobre-la-sindone","status":"publish","type":"post","link":"https:\/\/www.biblia.work\/noticias\/el-rostro-sobre-la-ciudad-roma-acoge-seis-encuentro-sobre-la-sindone\/","title":{"rendered":"\u2018El Rostro sobre la Ciudad\u2019: Roma acoge seis encuentro sobre la S\u00edndone"},"content":{"rendered":"<p style=\"text-align: justify\">(ZENIT &#8211; Roma).- Inicia en Roma un ciclo de encuentros \u201cEl Rostro sobre la Ciudad\u201d, un verdadero \u2018master\u2019 para conocer todo tipo de detalles sobre la S\u00e1bana Santa,\u00a0de indiscutible valor hist\u00f3rico y espiritual. Se trata de un camino hacia el descubrimiento de los secretos de la S\u00edndone. La cita es para los d\u00edas 22 de abril, 4, 6, 13, 20 y 27 \u00a0de mayo en la iglesia de San Francisco Javier &#8211; Oratorio del Caravita de Roma, sede hist\u00f3rica del Centro de Sindonolog\u00eda del Caravita que desde 1975 hasta el 2013 ha acogido exposiciones y congresos sobre la S\u00edndone.<\/p>\n<p style=\"text-align: justify\">El Ciclo es promovido y realizado por el <a target=\"_blank\" rel=\"nofollow\" href=\"http:\/\/www.edav.it\/sindone\/centro.php\">Centro S\u00edndone Caravita.<\/a><\/p>\n<p style=\"text-align: justify\">En cada encuentro intervendr\u00e1n sindon\u00f3logos, cient\u00edficos y expertos, que acompa\u00f1ar\u00e1n al p\u00fablico a conocer una S\u00e1bana que representa un misterio a d\u00eda de hoy sin resolver y como dijo Juan Pablo II en 1998, \u201cuna provocaci\u00f3n a la inteligencia\u201d. La participaci\u00f3n de te\u00f3logos, m\u00e9dicos, periodistas, arque\u00f3logos, f\u00edsicos y magistrados, la proyecci\u00f3n de pel\u00edculas y documentales, desde \u201cJes\u00fas de Nazaret\u201d de Zeffirelli, \u201cLa Pasi\u00f3n\u201d de Mel Gibson y \u201cEl Evangelio seg\u00fan Mateo\u201d de Pasolini; las interpretaciones musicales de Beppe Frattaroli y las lecturas de los pasajes sobre la S\u00edndone por parte de varios actores, adem\u00e1s de la explosi\u00f3n de una copia de la S\u00e1bana Santa antes de la restauraci\u00f3n y de dimensi\u00f3n real. Todo ello permitir\u00e1 recrear lo que se vive durante la visita a la original.<\/p>\n<p style=\"text-align: justify\">Todos los encuentros ser\u00e1n introducidos por el padre Massimo Nevola, rector de San Francisco Javier- Oratorio del Caravita, y coordinados por Alberto Di Giglio, sindon\u00f3logo, director y documentalista.<\/p>\n<p style=\"text-align: justify\">&nbsp;<\/p>\n<p><span class=\"et_bloom_bottom_trigger\"><\/span><\/p>\n<p><a href=\"https:\/\/es.zenit.org\/\" target=\"_blank\" rel=\"nofollow\">Fuente: es.zenit.org<\/a><\/p>\n","protected":false},"excerpt":{"rendered":"<p>(ZENIT &#8211; Roma).- Inicia en Roma un ciclo de encuentros \u201cEl Rostro sobre la Ciudad\u201d, un verdadero \u2018master\u2019 para conocer todo tipo de detalles sobre la S\u00e1bana Santa,\u00a0de indiscutible valor hist\u00f3rico y espiritual. Se trata de un camino hacia el descubrimiento de los secretos de la S\u00edndone. La cita es para los d\u00edas 22 de &hellip; <a href=\"https:\/\/www.biblia.work\/noticias\/el-rostro-sobre-la-ciudad-roma-acoge-seis-encuentro-sobre-la-sindone\/\" class=\"more-link\">Continuar leyendo<span class=\"screen-reader-text\"> \u00ab\u2018El Rostro sobre la Ciudad\u2019: Roma acoge seis encuentro sobre la S\u00edndone\u00bb<\/span><\/a><\/p>\n","protected":false},"author":1,"featured_media":0,"comment_status":"open","ping_status":"closed","sticky":false,"template":"","format":"standard","meta":{"footnotes":""},"categories":[1],"tags":[],"class_list":["post-2724","post","type-post","status-publish","format-standard","hentry","category-general"],"_links":{"self":[{"href":"https:\/\/www.biblia.work\/noticias\/wp-json\/wp\/v2\/posts\/2724","targetHints":{"allow":["GET"]}}],"collection":[{"href":"https:\/\/www.biblia.work\/noticias\/wp-json\/wp\/v2\/posts"}],"about":[{"href":"https:\/\/www.biblia.work\/noticias\/wp-json\/wp\/v2\/types\/post"}],"author":[{"embeddable":true,"href":"https:\/\/www.biblia.work\/noticias\/wp-json\/wp\/v2\/users\/1"}],"replies":[{"embeddable":true,"href":"https:\/\/www.biblia.work\/noticias\/wp-json\/wp\/v2\/comments?post=2724"}],"version-history":[{"count":0,"href":"https:\/\/www.biblia.work\/noticias\/wp-json\/wp\/v2\/posts\/2724\/revisions"}],"wp:attachment":[{"href":"https:\/\/www.biblia.work\/noticias\/wp-json\/wp\/v2\/media?parent=2724"}],"wp:term":[{"taxonomy":"category","embeddable":true,"href":"https:\/\/www.biblia.work\/noticias\/wp-json\/wp\/v2\/categories?post=2724"},{"taxonomy":"post_tag","embeddable":true,"href":"https:\/\/www.biblia.work\/noticias\/wp-json\/wp\/v2\/tags?post=2724"}],"curies":[{"name":"wp","href":"https:\/\/api.w.org\/{rel}","templated":true}]}}