{"id":2725,"date":"2016-04-14T11:05:03","date_gmt":"2016-04-14T16:05:03","guid":{"rendered":"http:\/\/www.biblia.work\/noticias\/esta-es-la-oracion-que-propone-el-papa-para-ser-dociles-al-espiritu-santo\/"},"modified":"2016-04-14T11:05:03","modified_gmt":"2016-04-14T16:05:03","slug":"esta-es-la-oracion-que-propone-el-papa-para-ser-dociles-al-espiritu-santo","status":"publish","type":"post","link":"https:\/\/www.biblia.work\/noticias\/esta-es-la-oracion-que-propone-el-papa-para-ser-dociles-al-espiritu-santo\/","title":{"rendered":"Esta es la oraci\u00f3n que propone el Papa para ser d\u00f3ciles al Esp\u00edritu Santo"},"content":{"rendered":"<p> VATICANO, 14 Abr. 16 (ACI).-<br \/>\n\tEn la homil&iacute;a de la Misa que celebr&oacute; en la Casa Santa Marta del Vaticano, el Papa Francisco destac&oacute; la importancia del Esp&iacute;ritu Santo para el cristiano y propuso una oraci&oacute;n para ser d&oacute;ciles a &eacute;l y encontrar as&iacute; la alegr&iacute;a.<\/p>\n<p style=\"text-align: justify\">\n\t&ldquo;La docilidad al Esp&iacute;ritu es fuente de alegr&iacute;a. &lsquo;Yo quisiera hacer algo, esto&hellip; Pero, siento que el Se&ntilde;or me pide otra cosa. &iexcl;Encontrar&eacute; la alegr&iacute;a all&iacute; donde est&aacute; la llamada del Esp&iacute;ritu!&rsquo;&rdquo;, dijo el Papa.<\/p>\n<p style=\"text-align: justify\">\n\tFrancisco propuso entonces una oraci&oacute;n para que sea m&aacute;s sencillo. &ldquo;&Eacute;sta es una bella oraci&oacute;n que podemos rezar siempre: &lsquo;Habla Se&ntilde;or, porque te escucho&rsquo;. La oraci&oacute;n para pedir aquella docilidad al Esp&iacute;ritu Santo y con esta docilidad llevar adelante a la Iglesia, ser instrumentos del Esp&iacute;ritu, para que la Iglesia pueda seguir adelante. &lsquo;Habla Se&ntilde;or, que tu siervo escucha&rsquo;. Recemos as&iacute;, tantas veces al d&iacute;a: cuando tenemos alguna duda, cuando no sabemos o cuando simplemente queremos rezar. Y con esta oraci&oacute;n, pidamos la gracia de la docilidad al Esp&iacute;ritu Santo&rdquo;.<\/p>\n<p style=\"text-align: justify\">\n\tEn la homil&iacute;a, el Santo Padre tambi&eacute;n habl&oacute; del Esp&iacute;ritu Santo en los Hechos de los Ap&oacute;stoles. &ldquo;En d&iacute;as pasados, la Iglesia nos present&oacute; el drama de la resistencia al Esp&iacute;ritu: los corazones cerrados, duros, necios, que resisten al Esp&iacute;ritu. Ve&iacute;an las cosas &ndash;la curaci&oacute;n del lisiado por parte de Pedro y Juan en la Puerta del Templo; las palabras y las cosas grandes que hac&iacute;a Esteban&#8230;&ndash; pero se quedaron cerrados a estos signos del Esp&iacute;ritu y opusieron resistencia al Esp&iacute;ritu. E intentaban justificar su resistencia con una &lsquo;por as&iacute; decir, fidelidad&rsquo; a la ley, es decir, a la letra de la ley&rdquo;.<\/p>\n<p style=\"text-align: justify\">\n\tSin embargo, &ldquo;hoy, la Iglesia nos presenta lo contrario: no la resistencia al Esp&iacute;ritu, sino la docilidad, al Esp&iacute;ritu, que es precisamente la actitud del cristiano&rdquo;, se&ntilde;al&oacute; el Santo Padre.<\/p>\n<p style=\"text-align: justify\">\n\tEn definitiva, &ldquo;ser d&oacute;ciles al Esp&iacute;ritu, permite que el Esp&iacute;ritu pueda actuar, impulsar y hacer crecer a la Iglesia&rdquo;.<\/p>\n<p style=\"text-align: justify\">\n\tFrancisco puso de ejemplo la lectura del d&iacute;a de los Hechos de los Ap&oacute;stoles, en la que Felipe estaba &ldquo;muy atareado, como todos los obispos, ya que ese d&iacute;a ten&iacute;a, seguramente, muchos planes de trabajo&rdquo;.<\/p>\n<p style=\"text-align: justify\">\n\t&ldquo;Pero, el Esp&iacute;ritu le dice que deje todo lo que hab&iacute;a planeado y que fuera donde estaba el et&iacute;ope. Y &eacute;l obedeci&oacute;&rdquo;.<\/p>\n<p style=\"text-align: justify\">\n\tEl Papa explic&oacute; que &ldquo;el Esp&iacute;ritu trabajaba en el coraz&oacute;n del et&iacute;ope&rdquo; y le ofreci&oacute; &ldquo;el don de la fe&rdquo;. Ante ello, &ldquo;este hombre sinti&oacute; algo nuevo en su coraz&oacute;n&rdquo; y pidi&oacute; ser bautizado.<\/p>\n<p style=\"text-align: justify\">\n\tLectura del d&iacute;a comentada por el Papa:&nbsp;Hechos 8:26-40<\/p>\n<p style=\"text-align: justify\">\n\tEl &Aacute;ngel del Se&ntilde;or habl&oacute; a Felipe diciendo: &laquo;Lev&aacute;ntate y marcha hacia el mediod&iacute;a por el camino que baja de Jerusal&eacute;n a Gaza. Es desierto.&raquo;&nbsp;<\/p>\n<p style=\"text-align: justify\">\n\tSe levant&oacute; y parti&oacute;. Y he aqu&iacute; que un et&iacute;ope eunuco, alto funcionario de Candace, reina de los et&iacute;opes, que estaba a cargo de todos sus tesoros, y hab&iacute;a venido a adorar en Jerusal&eacute;n, regresaba sentado en su carro, leyendo al profeta Isa&iacute;as.El Esp&iacute;ritu dijo a Felipe: &laquo;Ac&eacute;rcate y ponte junto a ese carro.&raquo;Felipe corri&oacute; hasta &eacute;l y le oy&oacute; leer al profeta Isa&iacute;as; y le dijo: &laquo;&iquest;Entiendes lo que vas leyendo?&raquo;.<\/p>\n<p style=\"text-align: justify\">\n\t&Eacute;l contest&oacute;: &laquo;&iquest;C&oacute;mo lo puedo entender si nadie me hace de gu&iacute;a?&raquo; Y rog&oacute; a Felipe que subiese y se sentase con &eacute;l.<br \/>\n\tEl pasaje de la Escritura que iba leyendo era &eacute;ste: &laquo;Fue llevado como una oveja al matadero; y como cordero, mudo delante del que lo trasquila, as&iacute; &eacute;l no abre la boca.<\/p>\n<p style=\"text-align: justify\">\n\tEn su humillaci&oacute;n le fue negada la justicia; &iquest;qui&eacute;n podr&aacute; contar su descendencia? Porque su vida fue arrancada de la tierra.&raquo;<\/p>\n<p style=\"text-align: justify\">\n\tEl eunuco pregunt&oacute; a Felipe: &laquo;Te ruego me digas de qui&eacute;n dice esto el profeta: &iquest;de s&iacute; mismo o de otro?&raquo;<\/p>\n<p style=\"text-align: justify\">\n\tFelipe entonces, partiendo de este texto de la Escritura, se puso a anunciarle la Buena Nueva de Jes&uacute;s.<\/p>\n<p style=\"text-align: justify\">\n\tSiguiendo el camino llegaron a un sitio donde hab&iacute;a agua. El eunuco dijo: &laquo;Aqu&iacute; hay agua; &iquest;qu&eacute; impide que yo sea bautizado?&raquo;<\/p>\n<p style=\"text-align: justify\">\n\tY mand&oacute; detener el carro. Bajaron ambos al agua, Felipe y el eunuco; y lo bautiz&oacute;,<br \/>\n\ty en saliendo del agua, el Esp&iacute;ritu del Se&ntilde;or arrebat&oacute; a Felipe y ya no le vio m&aacute;s el eunuco, que sigui&oacute; gozoso su camino.<\/p>\n<p style=\"text-align: justify\">\n\tFelipe se encontr&oacute; en Azoto y recorr&iacute;a evangelizando todas las ciudades hasta llegar a Cesarea.<\/p>\n<p style=\"text-align: justify\">\n\tTambi&eacute;n te podr&iacute;a interesar:&nbsp;<\/p>\n<p style=\"text-align: justify\">\n\t\tEl Papa aconseja al cristiano c&oacute;mo actuar frente a violencia y conflictos https:\/\/t.co\/Uwdgn53esv<\/p>\n<p>\t&mdash; ACI Prensa (@aciprensa) 13 de abril de 2016<\/p>\n<p style=\"text-align: justify\">\n\t&nbsp;<\/p>\n","protected":false},"excerpt":{"rendered":"<p>VATICANO, 14 Abr. 16 (ACI).- En la homil&iacute;a de la Misa que celebr&oacute; en la Casa Santa Marta del Vaticano, el Papa Francisco destac&oacute; la importancia del Esp&iacute;ritu Santo para el cristiano y propuso una oraci&oacute;n para ser d&oacute;ciles a &eacute;l y encontrar as&iacute; la alegr&iacute;a. &ldquo;La docilidad al Esp&iacute;ritu es fuente de alegr&iacute;a. &lsquo;Yo &hellip; <a href=\"https:\/\/www.biblia.work\/noticias\/esta-es-la-oracion-que-propone-el-papa-para-ser-dociles-al-espiritu-santo\/\" class=\"more-link\">Continuar leyendo<span class=\"screen-reader-text\"> \u00abEsta es la oraci\u00f3n que propone el Papa para ser d\u00f3ciles al Esp\u00edritu Santo\u00bb<\/span><\/a><\/p>\n","protected":false},"author":1,"featured_media":0,"comment_status":"open","ping_status":"closed","sticky":false,"template":"","format":"standard","meta":{"footnotes":""},"categories":[1],"tags":[],"class_list":["post-2725","post","type-post","status-publish","format-standard","hentry","category-general"],"_links":{"self":[{"href":"https:\/\/www.biblia.work\/noticias\/wp-json\/wp\/v2\/posts\/2725","targetHints":{"allow":["GET"]}}],"collection":[{"href":"https:\/\/www.biblia.work\/noticias\/wp-json\/wp\/v2\/posts"}],"about":[{"href":"https:\/\/www.biblia.work\/noticias\/wp-json\/wp\/v2\/types\/post"}],"author":[{"embeddable":true,"href":"https:\/\/www.biblia.work\/noticias\/wp-json\/wp\/v2\/users\/1"}],"replies":[{"embeddable":true,"href":"https:\/\/www.biblia.work\/noticias\/wp-json\/wp\/v2\/comments?post=2725"}],"version-history":[{"count":0,"href":"https:\/\/www.biblia.work\/noticias\/wp-json\/wp\/v2\/posts\/2725\/revisions"}],"wp:attachment":[{"href":"https:\/\/www.biblia.work\/noticias\/wp-json\/wp\/v2\/media?parent=2725"}],"wp:term":[{"taxonomy":"category","embeddable":true,"href":"https:\/\/www.biblia.work\/noticias\/wp-json\/wp\/v2\/categories?post=2725"},{"taxonomy":"post_tag","embeddable":true,"href":"https:\/\/www.biblia.work\/noticias\/wp-json\/wp\/v2\/tags?post=2725"}],"curies":[{"name":"wp","href":"https:\/\/api.w.org\/{rel}","templated":true}]}}