{"id":2736,"date":"2016-04-14T13:10:02","date_gmt":"2016-04-14T18:10:02","guid":{"rendered":"http:\/\/www.biblia.work\/noticias\/pastor-condenado-a-trabajos-forzados-sufre-de-mala-salud\/"},"modified":"2016-04-14T13:10:02","modified_gmt":"2016-04-14T18:10:02","slug":"pastor-condenado-a-trabajos-forzados-sufre-de-mala-salud","status":"publish","type":"post","link":"https:\/\/www.biblia.work\/noticias\/pastor-condenado-a-trabajos-forzados-sufre-de-mala-salud\/","title":{"rendered":"Pastor condenado a trabajos forzados sufre de mala salud"},"content":{"rendered":"<p style=\"text-align: justify\">COREA DEL NORTE. &#8211; Un pastor que cumple cadena perpetua de trabajos forzados en Corea del Norte por subversi\u00f3n est\u00e1 sufriendo problemas de salud, de acuerdo con una delegaci\u00f3n canadiense que lo visit\u00f3.<\/p>\n<p style=\"text-align: justify\">El pastor Hyeon Soo Lim, de 61 a\u00f1os, que era el pastor principal de una de las iglesias m\u00e1s grandes de Canad\u00e1, la Iglesia Presbiteriana Luz de Mississauga, fue condenado en Pyongyang desde febrero de 2015, despu\u00e9s de desaparecer durante un viaje humanitario al pa\u00eds.<\/p>\n<p style=\"text-align: justify\">Un delegado de la oficina de Se\u00fal de Asuntos Globales de \u00a0Canad\u00e1 visit\u00f3 a Lim la semana pasada y dijo que su salud parece estar fallando, seg\u00fan Lisa Pak, un portavoz de la familia.<\/p>\n<p style=\"text-align: justify\"><a target=\"_blank\" rel=\"nofollow\" href=\"http:\/\/www.christiantoday.com\/article\/north.korea.canadian.pastor.sentenced.to.hard.labour.is.suffering.from.ill.health\/84005.htm%20\">Diana Khaddaj<\/a>, portavoz de Asuntos Globales de Canad\u00e1 dijo: &#8220;El Gobierno de Canad\u00e1 se refiere a los derechos del Sr. Lim y el bienestar. Hemos sido conectados completamente en este caso desde que comenz\u00f3, y los funcionarios consulares est\u00e1n prestando asistencia al Sr. Lim y su familia. Estamos agradecidos de que hemos sido capaces de visitarlo\u201d.<\/p>\n<p style=\"text-align: justify\">&#8220;De inter\u00e9s sobre el caso del Sr. Lim, no hay m\u00e1s informaci\u00f3n que pueda ser compartida&#8221;.<\/p>\n<p style=\"text-align: justify\">La familia Lim tiene la esperanza de que el gobierno canadiense est\u00e9 haciendo todo lo posible para garantizar el retorno seguro del pastor encarcelado, dijo Pak.<\/p>\n<p style=\"text-align: justify\">En una entrevista con CNN en enero, Lim dijo que pasa ocho horas al d\u00eda cavando hoyos en un campo de trabajo en el que no ha visto ning\u00fan otro prisionero.<\/p>\n<p style=\"text-align: justify\">&#8220;Yo no era originalmente un trabajador, por lo que el trabajo era dif\u00edcil al principio&#8221;, dijo Lim en Corea a trav\u00e9s de un int\u00e9rprete. &#8220;Pero ahora me he acostumbrado a ello&#8221;.<\/p>\n<p style=\"text-align: justify\">Los cargos contra Lim hab\u00edan carecido de detalles, pero Lim dijo que puede ser conectado a su cr\u00edtica abierta a tres generaciones de l\u00edderes de Corea del Norte.<\/p>\n<p style=\"text-align: justify\">&#8220;Admito que he violado la autoridad, el sistema y el fin de este gobierno&#8221;, dijo Lim en la entrevista. Se le pregunt\u00f3 si su mayor crimen fue hablar mal de los l\u00edderes de Corea del Norte, \u00e9l dijo: &#8220;S\u00ed, creo que s\u00ed&#8221;.<\/p>\n<p style=\"text-align: justify\">Un n\u00famero de cristianos, en su mayor\u00eda estadounidenses de origen coreano, fueron detenidos en Corea del Norte. Algunos fueron capaces de volver a su pa\u00eds despu\u00e9s de la intervenci\u00f3n de pol\u00edticos de alto rango de Estados Unidos.<\/p>\n<p style=\"text-align: justify\">Sin embargo, se sabe muy poco acerca de las condiciones en Corea del Norte a pesar de la persecuci\u00f3n Puertas Abiertas estima que al menos 70.000 cristianos est\u00e1n presos por su fe.<\/p>\n<p style=\"text-align: justify\">&#8220;Los cristianos son detenidos, torturados, encarcelados y a muerte por atreverse a creer que hay una autoridad superior a la del l\u00edder de la naci\u00f3n, Kim Jong-un&#8221;, dijo Puertas Abiertas.<\/p>\n<p style=\"text-align: justify\">Durante los \u00faltimos 14 a\u00f1os Corea del Norte ha superado la Lista Mundial de Vigilancia de Puertas Abiertas como uno de los peores pa\u00edses para vivir como cristiano.<\/p>\n<p style=\"text-align: justify\">La entrada <a rel=\"nofollow\" href=\"http:\/\/www.noticiacristiana.com\/sociedad\/persecuciones\/2016\/04\/pastor-trabajos-forzados-mala-salud.html\">Pastor condenado a trabajos forzados sufre de mala salud<\/a> aparece primero en <a rel=\"nofollow\" href=\"http:\/\/www.noticiacristiana.com\">NoticiaCristiana.com<\/a>.<\/p>\n","protected":false},"excerpt":{"rendered":"<p>COREA DEL NORTE. &#8211; Un pastor que cumple cadena perpetua de trabajos forzados en Corea del Norte por subversi\u00f3n est\u00e1 sufriendo problemas de salud, de acuerdo con una delegaci\u00f3n canadiense que lo visit\u00f3. El pastor Hyeon Soo Lim, de 61 a\u00f1os, que era el pastor principal de una de las iglesias m\u00e1s grandes de Canad\u00e1, &hellip; <a href=\"https:\/\/www.biblia.work\/noticias\/pastor-condenado-a-trabajos-forzados-sufre-de-mala-salud\/\" class=\"more-link\">Continuar leyendo<span class=\"screen-reader-text\"> \u00abPastor condenado a trabajos forzados sufre de mala salud\u00bb<\/span><\/a><\/p>\n","protected":false},"author":1,"featured_media":0,"comment_status":"open","ping_status":"closed","sticky":false,"template":"","format":"standard","meta":{"footnotes":""},"categories":[1],"tags":[],"class_list":["post-2736","post","type-post","status-publish","format-standard","hentry","category-general"],"_links":{"self":[{"href":"https:\/\/www.biblia.work\/noticias\/wp-json\/wp\/v2\/posts\/2736","targetHints":{"allow":["GET"]}}],"collection":[{"href":"https:\/\/www.biblia.work\/noticias\/wp-json\/wp\/v2\/posts"}],"about":[{"href":"https:\/\/www.biblia.work\/noticias\/wp-json\/wp\/v2\/types\/post"}],"author":[{"embeddable":true,"href":"https:\/\/www.biblia.work\/noticias\/wp-json\/wp\/v2\/users\/1"}],"replies":[{"embeddable":true,"href":"https:\/\/www.biblia.work\/noticias\/wp-json\/wp\/v2\/comments?post=2736"}],"version-history":[{"count":0,"href":"https:\/\/www.biblia.work\/noticias\/wp-json\/wp\/v2\/posts\/2736\/revisions"}],"wp:attachment":[{"href":"https:\/\/www.biblia.work\/noticias\/wp-json\/wp\/v2\/media?parent=2736"}],"wp:term":[{"taxonomy":"category","embeddable":true,"href":"https:\/\/www.biblia.work\/noticias\/wp-json\/wp\/v2\/categories?post=2736"},{"taxonomy":"post_tag","embeddable":true,"href":"https:\/\/www.biblia.work\/noticias\/wp-json\/wp\/v2\/tags?post=2736"}],"curies":[{"name":"wp","href":"https:\/\/api.w.org\/{rel}","templated":true}]}}