{"id":2738,"date":"2016-04-14T16:15:02","date_gmt":"2016-04-14T21:15:02","guid":{"rendered":"http:\/\/www.biblia.work\/noticias\/el-papa-va-a-santa-maria-la-mayor-para-rezar-por-su-visita-a-lesbos\/"},"modified":"2016-04-14T16:15:02","modified_gmt":"2016-04-14T21:15:02","slug":"el-papa-va-a-santa-maria-la-mayor-para-rezar-por-su-visita-a-lesbos","status":"publish","type":"post","link":"https:\/\/www.biblia.work\/noticias\/el-papa-va-a-santa-maria-la-mayor-para-rezar-por-su-visita-a-lesbos\/","title":{"rendered":"El Papa va a Santa Mar\u00eda la Mayor para rezar por su visita a Lesbos"},"content":{"rendered":"<p style=\"text-align: justify\">(ZENIT \u2013 Roma).- En la vigila de su viaje a la isla griega de Lesbos, el papa Francisco fue como es su costumbre antes de\u00a0los viajes\u00a0pastorales, a la bas\u00edlica romana de Santa Mar\u00eda la Mayor.<\/p>\n<p style=\"text-align: justify\">El Santo Padre lleg\u00f3 a las 19 horas y se qued\u00f3 una media hora en el santuario mariano m\u00e1s antiguo del cristianismo. All\u00ed se dirigi\u00f3 a la capilla donde se encuentra el cuadro de la Virgen Mar\u00eda, con la advocaci\u00f3n de <em>Salus Populi Romani<\/em>, para pedirle a la Madre de Jes\u00fas, que bendiga su pr\u00f3ximo viaje.<\/p>\n<p style=\"text-align: justify\">La Oficina de prensa de la Santa Sede en un comunicado emitido este jueves por la noche, precis\u00f3 que el Papa le ofreci\u00f3 a la Virgen un ramo de rosas blancas y azules, los colores de la bandera de Grecia.<\/p>\n<p style=\"text-align: justify\">A la isla de Lesbos llegan miles de refugiados de Oriente Medio y \u00c1frica que huyen de los conflictos y buscan un futuro mejor en Europa.<\/p>\n<p style=\"text-align: justify\">El Pont\u00edfice estar\u00e1\u00a0acompa\u00f1ado durante el viaje por el patriarca ecum\u00e9nico de Constantinopla, Bartolom\u00e9 I y por el arzobispo de Atenas y de toda Grecia, Jer\u00f3nimo II.<\/p>\n<p style=\"text-align: justify\">El Santo Padre saldr\u00e1 este s\u00e1bado, 16 de abril, a las 7.00 de la ma\u00f1ana del aeropuerto de Roma y regresar\u00e1 a la Ciudad Eterna a las 16,30.<\/p>\n<p style=\"text-align: justify\"><a target=\"_blank\" rel=\"nofollow\" href=\"https:\/\/es.zenit.org\/articles\/la-visita-de-papa-a-lesbos-es-de-caracter-ecumenico-y-humanitario\/\">Ver el programa del viaje<\/a><\/p>\n<p><span class=\"et_bloom_bottom_trigger\"><\/span><\/p>\n<p><a href=\"https:\/\/es.zenit.org\/\" target=\"_blank\" rel=\"nofollow\">Fuente: es.zenit.org<\/a><\/p>\n","protected":false},"excerpt":{"rendered":"<p>(ZENIT \u2013 Roma).- En la vigila de su viaje a la isla griega de Lesbos, el papa Francisco fue como es su costumbre antes de\u00a0los viajes\u00a0pastorales, a la bas\u00edlica romana de Santa Mar\u00eda la Mayor. El Santo Padre lleg\u00f3 a las 19 horas y se qued\u00f3 una media hora en el santuario mariano m\u00e1s antiguo &hellip; <a href=\"https:\/\/www.biblia.work\/noticias\/el-papa-va-a-santa-maria-la-mayor-para-rezar-por-su-visita-a-lesbos\/\" class=\"more-link\">Continuar leyendo<span class=\"screen-reader-text\"> \u00abEl Papa va a Santa Mar\u00eda la Mayor para rezar por su visita a Lesbos\u00bb<\/span><\/a><\/p>\n","protected":false},"author":1,"featured_media":0,"comment_status":"open","ping_status":"closed","sticky":false,"template":"","format":"standard","meta":{"footnotes":""},"categories":[1],"tags":[],"class_list":["post-2738","post","type-post","status-publish","format-standard","hentry","category-general"],"_links":{"self":[{"href":"https:\/\/www.biblia.work\/noticias\/wp-json\/wp\/v2\/posts\/2738","targetHints":{"allow":["GET"]}}],"collection":[{"href":"https:\/\/www.biblia.work\/noticias\/wp-json\/wp\/v2\/posts"}],"about":[{"href":"https:\/\/www.biblia.work\/noticias\/wp-json\/wp\/v2\/types\/post"}],"author":[{"embeddable":true,"href":"https:\/\/www.biblia.work\/noticias\/wp-json\/wp\/v2\/users\/1"}],"replies":[{"embeddable":true,"href":"https:\/\/www.biblia.work\/noticias\/wp-json\/wp\/v2\/comments?post=2738"}],"version-history":[{"count":0,"href":"https:\/\/www.biblia.work\/noticias\/wp-json\/wp\/v2\/posts\/2738\/revisions"}],"wp:attachment":[{"href":"https:\/\/www.biblia.work\/noticias\/wp-json\/wp\/v2\/media?parent=2738"}],"wp:term":[{"taxonomy":"category","embeddable":true,"href":"https:\/\/www.biblia.work\/noticias\/wp-json\/wp\/v2\/categories?post=2738"},{"taxonomy":"post_tag","embeddable":true,"href":"https:\/\/www.biblia.work\/noticias\/wp-json\/wp\/v2\/tags?post=2738"}],"curies":[{"name":"wp","href":"https:\/\/api.w.org\/{rel}","templated":true}]}}