{"id":2745,"date":"2016-04-15T02:15:03","date_gmt":"2016-04-15T07:15:03","guid":{"rendered":"http:\/\/www.biblia.work\/noticias\/recuerdan-en-roma-lo-30-anos-de-la-visita-de-juan-pablo-ii-a-sinagoga\/"},"modified":"2016-04-15T02:15:03","modified_gmt":"2016-04-15T07:15:03","slug":"recuerdan-en-roma-lo-30-anos-de-la-visita-de-juan-pablo-ii-a-sinagoga","status":"publish","type":"post","link":"https:\/\/www.biblia.work\/noticias\/recuerdan-en-roma-lo-30-anos-de-la-visita-de-juan-pablo-ii-a-sinagoga\/","title":{"rendered":"Recuerdan en Roma lo 30 a\u00f1os de la visita de Juan Pablo II a sinagoga"},"content":{"rendered":"<p style=\"text-align: justify\">(ZENIT &#8211; Roma).- El mi\u00e9rcoles 13 ha sido inaugurado en el Museo Jud\u00edo de esta ciudad, la exposici\u00f3n &#8220;1986-2016. Treinta a\u00f1os del hist\u00f3rico abrazo entre el papa Juan Pablo II y el rabino Elio Toaff &#8220;.<\/p>\n<p style=\"text-align: justify\">La exposici\u00f3n que recoge fotograf\u00edas, documentos, escritos del rabino, cartas del Vaticano, y peri\u00f3dicos de la \u00e9poca nace de la colaboraci\u00f3n entre la Comunidad jud\u00eda de Roma y los Correos de Italia.<\/p>\n<p style=\"text-align: justify\">Para el presidente de la Comunidad Jud\u00eda de Roma, Ruth Dereguello, m\u00e1s que la exposici\u00f3n en si misma lo que quisimos representar \u201cfue el abrazo f\u00edsico que hoy es s\u00edmbolo de acogida, escucha y comprensi\u00f3n\u201d.<\/p>\n<p style=\"text-align: justify\">\u201cUn gesto valiente &#8211;a\u00f1adi\u00f3&#8211; que hace treinta a\u00f1os marc\u00f3 un cambio entre las relaciones del mundo jud\u00edo y cristiano, que hoy no solamente es un camino, sino sobre todo una alerta para las futuras generaciones\u201d. O sea \u201cun ejemplo que debe ser seguido, una piedra angular de lo que debe ser la educaci\u00f3n y la formaci\u00f3n, as\u00ed como las relaciones entre los pueblos y las personas\u201d.<\/p>\n<p style=\"text-align: justify\">La exposici\u00f3n inicia con una frase: la narraci\u00f3n de este momento que hizo el rabino jefe Elio Toaff.\u00a0\u201cA las 17,15, Juan Pablo II ingres\u00f3 en el Templo, vino hacia mi y con los brazos abiertos me abraz\u00f3\u201d, Y mientras \u00e9l se preparaba para entrar en la sinagoga repleta para\u00a0cumplir un gesto de reparaci\u00f3n que deb\u00eda recomponer una fractura de siglos, yo me sent\u00ed aplastar del peso de todo el dolor que mi pueblo hab\u00eda sufrido en dos mil a\u00f1os\u201d.<\/p>\n<p style=\"text-align: justify\">La responsable de la exposici\u00f3n, Lia Toaff, nieta del rabino jefe, se\u00f1al\u00f3 que decidieron iniciar la exposici\u00f3n \u201cdesde el abrazo porque en aquella ocasi\u00f3n rompi\u00f3 el ceremonial establecido y se volvi\u00f3 s\u00edmbolo del cambio y de la amistad que se desarroll\u00f3 durante los a\u00f1os\u201d. Y a\u00f1adi\u00f3 que \u201cesta relaci\u00f3n fue talmente sincera y profunda que a veces hasta el ceremonial es superado\u201d.\u00a0En un clima que era complejo, dijo Lia Toaff, \u201cse realizaron etapas de acercamiento que llevaron a este encuentro\u201d.<\/p>\n<p style=\"text-align: justify\">Daniel Toaff, el hijo del rabino record\u00f3 el encuentro: &#8220;Emoci\u00f3n s\u00ed, pero tambi\u00e9n preocupaci\u00f3n, porque mi padre era consciente de la importancia hist\u00f3rica de la visita del Papa a la Sinagoga. Tambi\u00e9n recuerdo que estaba presente en la conversaci\u00f3n privada entre mi padre y el Papa Wojtyla porque ten\u00eda que hacer un reportaje para la RAI &#8220;.<\/p>\n<p style=\"text-align: justify\">En la apertura de la exposici\u00f3n, estuvo presente el rabino jefe de Roma, Riccardo di Segni, quien record\u00f3 que &#8220;ese abrazo era la traducci\u00f3n en los medios de comunicaci\u00f3n de los avances realizados por los cristianos en relaci\u00f3n con los jud\u00edos con el Concilio Vaticano II y los documentos posteriores&#8221;.<\/p>\n<p><span class=\"et_bloom_bottom_trigger\"><\/span><\/p>\n<p><a href=\"https:\/\/es.zenit.org\/\" target=\"_blank\" rel=\"nofollow\">Fuente: es.zenit.org<\/a><\/p>\n","protected":false},"excerpt":{"rendered":"<p>(ZENIT &#8211; Roma).- El mi\u00e9rcoles 13 ha sido inaugurado en el Museo Jud\u00edo de esta ciudad, la exposici\u00f3n &#8220;1986-2016. Treinta a\u00f1os del hist\u00f3rico abrazo entre el papa Juan Pablo II y el rabino Elio Toaff &#8220;. La exposici\u00f3n que recoge fotograf\u00edas, documentos, escritos del rabino, cartas del Vaticano, y peri\u00f3dicos de la \u00e9poca nace de &hellip; <a href=\"https:\/\/www.biblia.work\/noticias\/recuerdan-en-roma-lo-30-anos-de-la-visita-de-juan-pablo-ii-a-sinagoga\/\" class=\"more-link\">Continuar leyendo<span class=\"screen-reader-text\"> \u00abRecuerdan en Roma lo 30 a\u00f1os de la visita de Juan Pablo II a sinagoga\u00bb<\/span><\/a><\/p>\n","protected":false},"author":1,"featured_media":0,"comment_status":"open","ping_status":"closed","sticky":false,"template":"","format":"standard","meta":{"footnotes":""},"categories":[1],"tags":[],"class_list":["post-2745","post","type-post","status-publish","format-standard","hentry","category-general"],"_links":{"self":[{"href":"https:\/\/www.biblia.work\/noticias\/wp-json\/wp\/v2\/posts\/2745","targetHints":{"allow":["GET"]}}],"collection":[{"href":"https:\/\/www.biblia.work\/noticias\/wp-json\/wp\/v2\/posts"}],"about":[{"href":"https:\/\/www.biblia.work\/noticias\/wp-json\/wp\/v2\/types\/post"}],"author":[{"embeddable":true,"href":"https:\/\/www.biblia.work\/noticias\/wp-json\/wp\/v2\/users\/1"}],"replies":[{"embeddable":true,"href":"https:\/\/www.biblia.work\/noticias\/wp-json\/wp\/v2\/comments?post=2745"}],"version-history":[{"count":0,"href":"https:\/\/www.biblia.work\/noticias\/wp-json\/wp\/v2\/posts\/2745\/revisions"}],"wp:attachment":[{"href":"https:\/\/www.biblia.work\/noticias\/wp-json\/wp\/v2\/media?parent=2745"}],"wp:term":[{"taxonomy":"category","embeddable":true,"href":"https:\/\/www.biblia.work\/noticias\/wp-json\/wp\/v2\/categories?post=2745"},{"taxonomy":"post_tag","embeddable":true,"href":"https:\/\/www.biblia.work\/noticias\/wp-json\/wp\/v2\/tags?post=2745"}],"curies":[{"name":"wp","href":"https:\/\/api.w.org\/{rel}","templated":true}]}}