{"id":2747,"date":"2016-04-15T05:15:02","date_gmt":"2016-04-15T10:15:02","guid":{"rendered":"http:\/\/www.biblia.work\/noticias\/el-papa-en-santa-marta-dios-permite-al-humilde-levantarse-con-dignidad\/"},"modified":"2016-04-15T05:15:02","modified_gmt":"2016-04-15T10:15:02","slug":"el-papa-en-santa-marta-dios-permite-al-humilde-levantarse-con-dignidad","status":"publish","type":"post","link":"https:\/\/www.biblia.work\/noticias\/el-papa-en-santa-marta-dios-permite-al-humilde-levantarse-con-dignidad\/","title":{"rendered":"El Papa en Santa Marta: \u2018Dios permite al humilde levantarse con dignidad\u2019"},"content":{"rendered":"<p style=\"text-align: justify\">(ZENIT \u2013 Roma).- A un coraz\u00f3n duro que decide abrirse con docilidad, Dios da siempre la gracia y la dignidad de levantarse, llevando a cumplir\u00a0si necesario, un acto de humildad. Lo explic\u00f3 el papa Francisco durante la homil\u00eda de este viernes en la<em> Domus Santa Marta<\/em>, al comentar la conversi\u00f3n de San Pablo.<\/p>\n<p style=\"text-align: justify\">El Santo Padre precis\u00f3 que tener celo por las cosas sagradas no significa necesariamente tener un coraz\u00f3n abierto hacia Dios. Y record\u00f3 que Pablo de Tarso era fiel a los principios de su fe, pero con un coraz\u00f3n cerrado, sordo a Cristo, al punto que pidi\u00f3 ir a exterminar y encadenar a los cristianos que viv\u00edan en Damasco.<\/p>\n<p style=\"text-align: justify\">Es la \u201chistoria de un hombre que le permite a Dios cambiarle el coraz\u00f3n\u201d, as\u00ed define el Papa el camino de Pablo a Damasco, cuando \u00e9l es envuelto por una luz potente\u00a0y\u00a0siente una voz que lo llama, cae y permanece moment\u00e1neamente ciego. \u201cSaulo el fuerte, el seguro cae al piso\u201d comenta Francisco.<\/p>\n<p style=\"text-align: justify\">Y \u201centiende que \u00e9l no era un hombre como quer\u00eda Dios, porque Dios nos cre\u00f3 a todos para estar de pi\u00e9 con la cabeza levantada\u201d. La voz del cielo no le dice solo \u201c\u00bfPor qu\u00e9 me persigues?\u201d, sino que lo invita a levantarse.<\/p>\n<p style=\"text-align: justify\">Pero se da cuenta que est\u00e1 ciego, y se deja guiar. Los hombres que estaban con \u00e9l lo llevan a Damasco y por tres d\u00edas no ve ni toma alimentos. Saulo entendi\u00f3 que estaba por el piso y que ten\u00eda que aceptar esta humillaci\u00f3n, porque\u00a0la humillaci\u00f3n es el camino que abre el coraz\u00f3n. \u201cCuando el Se\u00f1or nos env\u00eda una humillaci\u00f3n o permite que lleguen las humillaciones es para que el coraz\u00f3n se abra, sea d\u00f3cil, se convierta al Se\u00f1or Jes\u00fas\u201d.<\/p>\n<p style=\"text-align: justify\">El coraz\u00f3n de Pablo se abre. Dios invita a Anan\u00eda que le impone las manos y los ojos de Saulo vuelven a ver.<\/p>\n<p style=\"text-align: justify\">El Papa subraya que \u201cel protagonista de esta historia no son ni los doctores de la Ley, ni Esteban, ni Felipe, ni el eunuco, ni Saulo&#8230;.\u201d. Porque &#8220;el Esp\u00edritu Santo es el protagonista de la Iglesia que conduce al pueblo de Dios\u201d, y \u201cla dureza del coraz\u00f3n de Saulo, Pablo, se transforma en docilidad al Esp\u00edritu Santo\u201d.<\/p>\n<p style=\"text-align: justify\">\u00a1Es hermoso &#8211;concluye Francisco&#8211; ver c\u00f3mo el Se\u00f1or es capaz de cambiar los corazones\u201d. Todos nosotros tenemos durezas en el coraz\u00f3n, record\u00f3. \u201cPidamos al Se\u00f1or &#8211;concluy\u00f3 el Papa&#8211; que nos haga ver estas durezas que nos tiran a la tierra. Y nos env\u00ede la gracia y si necesario las humillaciones, para que no nos quedemos en el piso y nos levantemos con la dignidad con la que Dios nos ha creado, o sea la gracia de un coraz\u00f3n abierto y d\u00f3cil al Esp\u00edritu Santo\u201d.<\/p>\n<p><span class=\"et_bloom_bottom_trigger\"><\/span><\/p>\n<p><a href=\"https:\/\/es.zenit.org\/\" target=\"_blank\" rel=\"nofollow\">Fuente: es.zenit.org<\/a><\/p>\n","protected":false},"excerpt":{"rendered":"<p>(ZENIT \u2013 Roma).- A un coraz\u00f3n duro que decide abrirse con docilidad, Dios da siempre la gracia y la dignidad de levantarse, llevando a cumplir\u00a0si necesario, un acto de humildad. Lo explic\u00f3 el papa Francisco durante la homil\u00eda de este viernes en la Domus Santa Marta, al comentar la conversi\u00f3n de San Pablo. El Santo &hellip; <a href=\"https:\/\/www.biblia.work\/noticias\/el-papa-en-santa-marta-dios-permite-al-humilde-levantarse-con-dignidad\/\" class=\"more-link\">Continuar leyendo<span class=\"screen-reader-text\"> \u00abEl Papa en Santa Marta: \u2018Dios permite al humilde levantarse con dignidad\u2019\u00bb<\/span><\/a><\/p>\n","protected":false},"author":1,"featured_media":0,"comment_status":"open","ping_status":"closed","sticky":false,"template":"","format":"standard","meta":{"footnotes":""},"categories":[1],"tags":[],"class_list":["post-2747","post","type-post","status-publish","format-standard","hentry","category-general"],"_links":{"self":[{"href":"https:\/\/www.biblia.work\/noticias\/wp-json\/wp\/v2\/posts\/2747","targetHints":{"allow":["GET"]}}],"collection":[{"href":"https:\/\/www.biblia.work\/noticias\/wp-json\/wp\/v2\/posts"}],"about":[{"href":"https:\/\/www.biblia.work\/noticias\/wp-json\/wp\/v2\/types\/post"}],"author":[{"embeddable":true,"href":"https:\/\/www.biblia.work\/noticias\/wp-json\/wp\/v2\/users\/1"}],"replies":[{"embeddable":true,"href":"https:\/\/www.biblia.work\/noticias\/wp-json\/wp\/v2\/comments?post=2747"}],"version-history":[{"count":0,"href":"https:\/\/www.biblia.work\/noticias\/wp-json\/wp\/v2\/posts\/2747\/revisions"}],"wp:attachment":[{"href":"https:\/\/www.biblia.work\/noticias\/wp-json\/wp\/v2\/media?parent=2747"}],"wp:term":[{"taxonomy":"category","embeddable":true,"href":"https:\/\/www.biblia.work\/noticias\/wp-json\/wp\/v2\/categories?post=2747"},{"taxonomy":"post_tag","embeddable":true,"href":"https:\/\/www.biblia.work\/noticias\/wp-json\/wp\/v2\/tags?post=2747"}],"curies":[{"name":"wp","href":"https:\/\/api.w.org\/{rel}","templated":true}]}}