{"id":2749,"date":"2016-04-15T06:15:02","date_gmt":"2016-04-15T11:15:02","guid":{"rendered":"http:\/\/www.biblia.work\/noticias\/el-papa-recibe-al-presidente-boliviano-evo-morales\/"},"modified":"2016-04-15T06:15:02","modified_gmt":"2016-04-15T11:15:02","slug":"el-papa-recibe-al-presidente-boliviano-evo-morales","status":"publish","type":"post","link":"https:\/\/www.biblia.work\/noticias\/el-papa-recibe-al-presidente-boliviano-evo-morales\/","title":{"rendered":"El Papa recibe al presidente boliviano Evo Morales"},"content":{"rendered":"<p style=\"text-align: justify\">(ZENIT \u2013 Ciudad del Vaticano).- El Papa Francisco recibi\u00f3 este viernes por la ma\u00f1ana en el Vaticano al presidente de Bolivia, Evo Morales. \u201cHermano Papa, qu\u00e9 alegr\u00eda verlo, estoy muy contento\u201d exclam\u00f3 Morales al ver\u00a0al Santo Padre y se dieron un abrazo, mientras el Pont\u00edfice le respond\u00eda\u00a0en voz baja.<\/p>\n<div id=\"attachment_67977\" style=\"width: 801px\" class=\"wp-caption alignleft\"><img loading=\"lazy\" decoding=\"async\" class=\"size-full wp-image-67977\" src=\"https:\/\/es.zenit.org\/wp-content\/uploads\/2016\/04\/Morales-rumbo-a-Roma.jpg\" alt=\"El presidente Evo Morales parte rumbo a Roma (Foto presidencia)\" width=\"791\" height=\"631\" \/><\/p>\n<p class=\"wp-caption-text\">El presidente Evo Morales parte rumbo a Roma (Foto presidencia)<\/p>\n<\/div>\n<p style=\"text-align: justify\">Al\u00a0inicio de la audiencia cuando estaban ya sentados en el escritorio, el presidente de Bolivia reiter\u00f3 su alegr\u00eda de verlo. El Santo Padre por su parte no habl\u00f3 en voz alta hasta que salieron los periodistas.<\/p>\n<p style=\"text-align: justify\">Concluida la audiencia de 27 minutos a puertas cerradas, entraron\u00a0el canciller David Choquehuanca; la jefe de gabinete, Patricia Hermoso; la embajadora ante el Vaticano, Erika Farf\u00e1n; y una autoridad militar.<\/p>\n<p style=\"text-align: justify\">En el intercambio de dones, el mandatario boliviano le regal\u00f3 un busto de madera de Tupac-Catari, l\u00edder aymara descuartizado en 1781, tras organizar revueltas contra las autoridades coloniales en el territorio de la actual Bolivia. El busto estaba dentro de una cajas de madera tapizada con un caracter\u00edstico tejido ind\u00edgena.\u00a0Tambi\u00e9n le entreg\u00f3 una carpeta con otro material que dijo conten\u00eda \u201cla cartita de los movimientos sociales\u201d.<\/p>\n<p style=\"text-align: justify\">Morales tambi\u00e9n le entreg\u00f3 tres libros titulados \u201cCoca, un biobanco\u201d, \u201cCoca, dieta citog\u00e9nica\u201d, \u201cCoca, factor anti-obesidad\u201d; y a\u00f1adi\u00f3: \u201cYo la tomo y me hace muy bien y se la recomiendo, as\u00ed aguanta toda la vida\u201d.<\/p>\n<p style=\"text-align: justify\">Por su parte el Santo Padre le regal\u00f3 el consuetudinario medall\u00f3n que representa a San Mart\u00edn de Tours compartiendo su manto con un indigente. Y le entreg\u00f3 dos libros: \u201cAhora le doy dos textos: uno sobre el amor y la familia, (la exhortaci\u00f3n <em>Amoris Laetitia <\/em>ndr<em>)<\/em> y el otro,\u00a0<em>El Nombre de Dios es Misericordia<\/em>\u201d, dijo.<\/p>\n<p style=\"text-align: justify\">Desde la web de Presidencia, antes de partir el ministro de Relaciones Exteriores, David Choquehuanca, se\u00f1al\u00f3 que &#8220;Morales ser\u00e1 parte de un evento con movimientos sociales que se celebrar\u00e1 para discutir temas de inter\u00e9s que le preocupan a la Iglesia y la sociedad. En este acontecimiento tambi\u00e9n se contar\u00e1 con la presencia del dignatario de Ecuador, Rafael Correa&#8221;.<\/p>\n<p style=\"text-align: justify\">&#8220;Este tipo de encuentro &#8211;concluy\u00f3 Coquehuanca&#8211; se realiza en el Vaticano por segunda vez. En la primera oportunidad se cont\u00f3 igualmente con la asistencia del presidente Morales en el 2013 y el a\u00f1o pasado, en Bolivia, se sostuvo un encuentro similar con la visita del Sumo Pont\u00edfice a tierra cruce\u00f1a&#8221;.<\/p>\n<p style=\"text-align: justify\">Por su parte la Oficina de prensa del Vaticano difundi\u00f3 una vez concluido el encuentro el siguiente comunicado: &#8220;Esta ma\u00f1ana, viernes 15 de abril de 2016, el Santo Padre Francisco ha recibido en audiencia al Presidente del Estado Plurinacional de Bolivia, Su Excelencia el se\u00f1or Juan Evo Morales Ayma, el cual, sucesivamente ha encontrado a Su Excelencia mons. Paul Richard Gallagher, Secretario para las Relaciones con los Estados.\u00a0Durante las conversaciones, transcurridas en una atm\u00f3sfera de cordialidad, se trataron algunos temas concernientes a la actual coyuntura socio-econ\u00f3mica del Pais, considerando especialmente las pol\u00edticas sociales. A continuaci\u00f3n, se habl\u00f3 de las relaciones entre la Iglesia y el Estado recordando la larga tradici\u00f3n cristiana de Bolivia y la contribuci\u00f3n decisiva de la Iglesia a la vida de la Naci\u00f3n.<br \/>\nTambi\u00e9n hubo referencias a cuestiones de inter\u00e9s com\u00fan, como la educaci\u00f3n, la sanidad y la ayuda a los pobres.\u00a0Por \u00faltimo se examinaron algunas situaciones internacionales&#8221;.<\/p>\n<p><span class=\"et_bloom_bottom_trigger\"><\/span><\/p>\n<p><a href=\"https:\/\/es.zenit.org\/\" target=\"_blank\" rel=\"nofollow\">Fuente: es.zenit.org<\/a><\/p>\n","protected":false},"excerpt":{"rendered":"<p>(ZENIT \u2013 Ciudad del Vaticano).- El Papa Francisco recibi\u00f3 este viernes por la ma\u00f1ana en el Vaticano al presidente de Bolivia, Evo Morales. \u201cHermano Papa, qu\u00e9 alegr\u00eda verlo, estoy muy contento\u201d exclam\u00f3 Morales al ver\u00a0al Santo Padre y se dieron un abrazo, mientras el Pont\u00edfice le respond\u00eda\u00a0en voz baja. El presidente Evo Morales parte rumbo &hellip; <a href=\"https:\/\/www.biblia.work\/noticias\/el-papa-recibe-al-presidente-boliviano-evo-morales\/\" class=\"more-link\">Continuar leyendo<span class=\"screen-reader-text\"> \u00abEl Papa recibe al presidente boliviano Evo Morales\u00bb<\/span><\/a><\/p>\n","protected":false},"author":1,"featured_media":0,"comment_status":"open","ping_status":"closed","sticky":false,"template":"","format":"standard","meta":{"footnotes":""},"categories":[1],"tags":[],"class_list":["post-2749","post","type-post","status-publish","format-standard","hentry","category-general"],"_links":{"self":[{"href":"https:\/\/www.biblia.work\/noticias\/wp-json\/wp\/v2\/posts\/2749","targetHints":{"allow":["GET"]}}],"collection":[{"href":"https:\/\/www.biblia.work\/noticias\/wp-json\/wp\/v2\/posts"}],"about":[{"href":"https:\/\/www.biblia.work\/noticias\/wp-json\/wp\/v2\/types\/post"}],"author":[{"embeddable":true,"href":"https:\/\/www.biblia.work\/noticias\/wp-json\/wp\/v2\/users\/1"}],"replies":[{"embeddable":true,"href":"https:\/\/www.biblia.work\/noticias\/wp-json\/wp\/v2\/comments?post=2749"}],"version-history":[{"count":0,"href":"https:\/\/www.biblia.work\/noticias\/wp-json\/wp\/v2\/posts\/2749\/revisions"}],"wp:attachment":[{"href":"https:\/\/www.biblia.work\/noticias\/wp-json\/wp\/v2\/media?parent=2749"}],"wp:term":[{"taxonomy":"category","embeddable":true,"href":"https:\/\/www.biblia.work\/noticias\/wp-json\/wp\/v2\/categories?post=2749"},{"taxonomy":"post_tag","embeddable":true,"href":"https:\/\/www.biblia.work\/noticias\/wp-json\/wp\/v2\/tags?post=2749"}],"curies":[{"name":"wp","href":"https:\/\/api.w.org\/{rel}","templated":true}]}}